{"id":9725,"date":"2026-09-04T00:02:15","date_gmt":"2026-09-04T03:02:15","guid":{"rendered":"https:\/\/aovolante.tv.br\/?p=9725"},"modified":"2026-09-04T00:02:16","modified_gmt":"2026-09-04T03:02:16","slug":"queirolo-e-muffato-parceria-com-a-tech-force-nas-ultimas-etapas-do-ouribank-endurance","status":"publish","type":"post","link":"https:\/\/aovolante.tv.br\/?p=9725","title":{"rendered":"Queirolo e Muffato: parceria com a Tech Force nas \u00faltimas etapas do Ouribank Endurance"},"content":{"rendered":"<div class=\"wp-block-image\">\n<figure class=\"aligncenter size-full\"><img fetchpriority=\"high\" decoding=\"async\" width=\"777\" height=\"496\" src=\"https:\/\/aovolante.tv.br\/wp-content\/uploads\/2026\/09\/image-18.png\" alt=\"\" class=\"wp-image-9727\" srcset=\"https:\/\/aovolante.tv.br\/wp-content\/uploads\/2026\/09\/image-18.png 777w, https:\/\/aovolante.tv.br\/wp-content\/uploads\/2026\/09\/image-18-150x96.png 150w, https:\/\/aovolante.tv.br\/wp-content\/uploads\/2026\/09\/image-18-300x192.png 300w, https:\/\/aovolante.tv.br\/wp-content\/uploads\/2026\/09\/image-18-768x490.png 768w, https:\/\/aovolante.tv.br\/wp-content\/uploads\/2026\/09\/image-18-585x373.png 585w\" sizes=\"(max-width: 777px) 100vw, 777px\" \/><\/figure>\n<\/div>\n\n\n<p class=\"wp-block-paragraph\"><\/p>\n\n\n\n<p class=\"wp-block-paragraph\">Pedro Queirolo e David Muffato estar\u00e3o de volta ao Aut\u00f3dromo de Interlagos, em S\u00e3o Paulo, para a disputa da sexta etapa do Ouribank Endurance Brasil 2026. A prova, marcada para o dia 12 de setembro, ser\u00e1 especial para a dupla n\u00e3o apenas pelo desafio das tradicionais Tr\u00eas Horas de Interlagos, mas tamb\u00e9m pelo in\u00edcio de um novo poposta para a fase final da temporada.<\/p>\n\n\n\n<p class=\"wp-block-paragraph\">Para as tr\u00eas \u00faltimas etapas do campeonato, Pedro Queirolo e David Muffato passam a defender a Tech Force comandada por Ariel Schallenberger, equipe respons\u00e1vel comandada por Ariel pela constru\u00e7\u00e3o dos carros Sigma P1 ao lado de Jindra Kraucher, idealizador do projeto. A mudan\u00e7a representa uma nova expectativa para a dupla ap\u00f3s uma temporada marcada por dificuldades e problemas que comprometeram os resultados nas primeiras etapas.<\/p>\n\n\n\n<p class=\"wp-block-paragraph\">Interlagos ser\u00e1, portanto, o ponto de partida para esse novo cap\u00edtulo. &nbsp;\u201cEu e o David resolvemos alterar a equipe do AJR para a Tech Force do Ariel. J\u00e1 fazia algum tempo que eu gostaria de fazer um trabalho com eles, mas estavam sem vaga para nosso carro. Uma nova oportunidade surgiu e agora vamos estrear em Interlagos. Nossa expectativa \u00e9 de evoluir o carro e buscar mais uma vit\u00f3ria\u201d, destacou Pedro Queirolo.<\/p>\n\n\n\n<p class=\"wp-block-paragraph\">Para o piloto, que chega a Interlagos logo ap\u00f3s encarar os desafios de oito dias do rali dos Sert\u00f5es, a prepara\u00e7\u00e3o f\u00edsica certamente est\u00e1 em dia. No entanto, o desafio de uma corrida de endurance exige uma abordagem completamente diferente. \u201cO mais desafiador \u00e9 manter o ritmo r\u00e1pido e constante sem exigir demais do equipamento\u201d, explicou Queirolo sobre as caracter\u00edsticas de uma corrida de tr\u00eas horas.<\/p>\n\n\n\n<p class=\"wp-block-paragraph\">A estrat\u00e9gia tamb\u00e9m ter\u00e1 papel fundamental ao longo da sexta etapa. Al\u00e9m do gerenciamento do carro e das paradas, a dupla precisa considerar as particularidades do regulamento da categoria.<\/p>\n\n\n\n<p class=\"wp-block-paragraph\">\u201cA estrat\u00e9gia da equipe \u00e9 importante, aproveitar as oportunidades e n\u00e3o perder tempo de box. Como somos uma dupla ouro, acabamos ficando mais tempo nos boxes devido ao regulamento, e \u00e9 importante correr tudo certo para n\u00e3o perdermos tempo de bobeira\u201d, ressaltou Pedro.<\/p>\n\n\n\n<p class=\"wp-block-paragraph\">Sem esconder a ambi\u00e7\u00e3o para o fim de semana, o piloto deixa claro qual \u00e9 o objetivo da dupla em Interlagos. \u201cEsperamos que o carro funcione bem para buscarmos mais uma vit\u00f3ria no Endurance\u201d, afirmou.<\/p>\n\n\n\n<p class=\"wp-block-paragraph\">Para David Muffato, correr no mais tradicional circuito brasileiro \u00e9 sempre uma experi\u00eancia especial. O piloto destaca as diferentes caracter\u00edsticas do tra\u00e7ado e a variedade de desafios encontrados ao longo da volta. \u201cInterlagos \u00e9 sensacional. Todo mundo tem um prazer muito grande de pilotar l\u00e1. \u00c9 uma pista muito boa, desafiadora e um circuito de que todo mundo gosta, com v\u00e1rias op\u00e7\u00f5es de curvas r\u00e1pidas, curvas lentas e freadas fortes. Eu gosto muito de Interlagos, particularmente\u201d, afirmou Muffato.<\/p>\n\n\n\n<p class=\"wp-block-paragraph\">A sexta etapa ter\u00e1 um formato de tr\u00eas horas de dura\u00e7\u00e3o, colocando \u00e0 prova n\u00e3o apenas a velocidade dos carros, mas tamb\u00e9m a estrat\u00e9gia das equipes e a capacidade dos pilotos de manterem um ritmo competitivo durante toda a corrida.<\/p>\n\n\n\n<figure class=\"wp-block-image\"><img decoding=\"async\" src=\"https:\/\/endurancebrasiloficial.com.br\/media\/django_ckeditor_5\/469935_1218000_whatsapp_image_2026_05_22_at_14.58.26__1__web_.jpeg\" alt=\"\"\/><figcaption class=\"wp-element-caption\">Pedro Queirolo&nbsp;(Luciano Santos \/ SiGCom)<\/figcaption><\/figure>\n\n\n\n<p class=\"wp-block-paragraph\">A principal novidade para Pedro e David, por\u00e9m, ser\u00e1 a chegada \u00e0 Tech Force. A expectativa \u00e9 aproveitar a estrutura da nova equipe para buscar uma rea\u00e7\u00e3o na reta final do campeonato. \u201cAgora estamos indo para a Tech Force, que tamb\u00e9m \u00e9 do Rio Grande do Sul. \u00c9 uma equipe muito boa e acredito que vamos ter um upgrade em termos de equipe e de tudo\u201d, destacou David.<\/p>\n\n\n\n<p class=\"wp-block-paragraph\">Segundo o piloto, a mudan\u00e7a acontece depois de um per\u00edodo dif\u00edcil ao longo da temporada, marcado por situa\u00e7\u00f5es que impediram a dupla de alcan\u00e7ar os resultados esperados. \u201cFoi um ano muito dif\u00edcil, com algumas adversidades. Mas agora vamos com tudo para essas \u00faltimas tr\u00eas etapas. Que comece um novo cap\u00edtulo na nossa hist\u00f3ria a partir de Interlagos\u201d, completou.<\/p>\n\n\n\n<p class=\"wp-block-paragraph\">Sem grandes preocupa\u00e7\u00f5es em rela\u00e7\u00e3o \u00e0 classifica\u00e7\u00e3o do campeonato, a dupla pretende adotar uma postura agressiva para a reta final da temporada. O objetivo \u00e9 claro: buscar resultados e, principalmente, lutar pela vit\u00f3ria.<\/p>\n\n\n\n<p class=\"wp-block-paragraph\">\u201cA meta \u00e9 tentar fazer o melhor poss\u00edvel. Vamos para Interlagos com o principal desafio e a principal meta de ganhar a corrida. N\u00e3o vamos pensar em outra coisa. N\u00e3o temos nada no campeonato para perder, ent\u00e3o vamos para ganhar\u201d, afirmou David Muffato.<\/p>\n\n\n\n<p class=\"wp-block-paragraph\">A programa\u00e7\u00e3o do Ouribank Endurance Brasil come\u00e7a na quinta-feira (10), com o primeiro treino livre oficial. Na sexta-feira (11), os pilotos participam de mais tr\u00eas sess\u00f5es de treinos e das atividades classificat\u00f3rias. No s\u00e1bado (12), ap\u00f3s o warm-up e a visita\u00e7\u00e3o aos boxes, a sexta etapa ter\u00e1 sua largada \u00e0s 11h30, para as Tr\u00eas Horas do Ouribank Endurance Brasil.<\/p>\n\n\n\n<p class=\"wp-block-paragraph\">As provas ter\u00e3o transmiss\u00e3o ao vivo pelo canal oficial do Endurance Brasil no YouTube e tamb\u00e9m no streaming do Acelerados.<\/p>\n\n\n\n<p class=\"wp-block-paragraph\">Pedro Queirolo e David Muffatto contam com patroc\u00ednio de Slon Seguros, Connectors, ELF, Aiwa, Muffat\u00e3o e HiperCap.<\/p>\n\n\n\n<p class=\"wp-block-paragraph\"><strong>Pilotos:<\/strong>&nbsp;Pedro Queirolo \/ David Muffato<br><strong>Equipe:<\/strong>&nbsp;Tech Force<br><strong>Evento:<\/strong>&nbsp;6\u00aa etapa do Ouribank Endurance Brasil<br><strong>Local:<\/strong>&nbsp;Aut\u00f3dromo Jos\u00e9 Carlos Pace \u2013 Interlagos, S\u00e3o Paulo (SP)<\/p>\n\n\n\n<p class=\"wp-block-paragraph\"><strong>PROGRAMA\u00c7\u00c3O \u2013 6\u00aa etapa | Ouribank Endurance Brasil<\/strong><\/p>\n\n\n\n<p class=\"wp-block-paragraph\"><strong>Quinta-feira \u2013 10 de setembro<\/strong><br>14h00 \u00e0s 18h00 \u2013 Treino Livre Oficial 1 \u2013 todas as categorias<\/p>\n\n\n\n<p class=\"wp-block-paragraph\"><strong>Sexta-feira \u2013 11 de setembro<\/strong><br>13h00 \u00e0s 13h40 \u2013 Treino Livre Oficial 2<br>14h20 \u00e0s 15h00 \u2013 Treino Livre Oficial 3<br>15h40 \u00e0s 16h10 \u2013 Treino Livre Oficial 4<\/p>\n\n\n\n<p class=\"wp-block-paragraph\"><strong>Treinos classificat\u00f3rios<\/strong><br>16h40 \u00e0s 17h00 \u2013 Categoria GT4<br>17h10 \u00e0s 17h30 \u2013 Categoria GT3<br>17h40 \u00e0s 18h00 \u2013 Categoria P1<\/p>\n\n\n\n<p class=\"wp-block-paragraph\"><strong>S\u00e1bado \u2013 12 de setembro<\/strong><br>8h30 \u00e0s 8h50 \u2013 Warm-up<br>10h00 \u00e0s 10h50 \u2013 Visita\u00e7\u00e3o aos boxes<br>11h20 \u2013 Hino Nacional Brasileiro<br><strong>11h30 \u2013 Largada da 6\u00aa etapa \u2013 Tr\u00eas Horas Ouribank Endurance Brasil<\/strong><\/p>\n\n\n\n<p class=\"wp-block-paragraph\"><strong>CALEND\u00c1RIO ENDURANCE BRASIL 2026<\/strong><\/p>\n\n\n\n<p class=\"wp-block-paragraph\">Etapa 1 &#8211; 11 de abril \u2013 Bras\u00edlia\/DF<\/p>\n\n\n\n<p class=\"wp-block-paragraph\">Etapa 2 e 3 \u2013 23 e 24 de maio \u2013 Interlagos\/SP<\/p>\n\n\n\n<p class=\"wp-block-paragraph\">Etapa 4 \u2013 27 de junho \u2013 Velopark\/RS<\/p>\n\n\n\n<p class=\"wp-block-paragraph\">Etapa 5 \u2013 01 de agosto \u2013 Santa Cruz do Sul\/RS<\/p>\n\n\n\n<p class=\"wp-block-paragraph\">Etapa 6 \u2013 12 de setembro \u2013 Interlagos\/SP<\/p>\n\n\n\n<p class=\"wp-block-paragraph\">Etapa 7 \u2013 24 de outubro \u2013 Bras\u00edlia\/DF<\/p>\n\n\n\n<p class=\"wp-block-paragraph\">Etapa 8 \u2013 21 de novembro \u2013 Goi\u00e2nia\/GO<\/p>\n\n\n\n<p class=\"wp-block-paragraph\"><strong>Mais informa\u00e7\u00f5es:<\/strong><\/p>\n\n\n\n<p class=\"wp-block-paragraph\">Instagram: @pedro_queirolo<\/p>\n\n\n\n<p class=\"wp-block-paragraph\">Texto: Silvana Grezzana (Sig Comunica\u00e7\u00e3o\/assessoria Pedro Queirolo)<\/p>\n","protected":false},"excerpt":{"rendered":"<p>Pedro Queirolo e David Muffato estar\u00e3o de volta ao Aut\u00f3dromo de Interlagos, em S\u00e3o Paulo, para a disputa da sexta etapa do Ouribank Endurance Brasil 2026. A prova, marcada para&hellip;<\/p>\n","protected":false},"author":12,"featured_media":9727,"comment_status":"closed","ping_status":"open","sticky":false,"template":"","format":"standard","meta":{"_lmt_disableupdate":"","_lmt_disable":"","footnotes":"","jetpack_publicize_message":"","jetpack_publicize_feature_enabled":true,"jetpack_social_post_already_shared":true,"jetpack_social_options":{"image_generator_settings":{"template":"highway","default_image_id":0,"font":"","enabled":false},"version":2}},"categories":[41,26],"tags":[56],"class_list":["post-9725","post","type-post","status-publish","format-standard","has-post-thumbnail","hentry","category-endurance-brasil","category-nas-pistas","tag-endurance-brasil"],"jetpack_publicize_connections":[],"_links":{"self":[{"href":"https:\/\/aovolante.tv.br\/index.php?rest_route=\/wp\/v2\/posts\/9725","targetHints":{"allow":["GET"]}}],"collection":[{"href":"https:\/\/aovolante.tv.br\/index.php?rest_route=\/wp\/v2\/posts"}],"about":[{"href":"https:\/\/aovolante.tv.br\/index.php?rest_route=\/wp\/v2\/types\/post"}],"author":[{"embeddable":true,"href":"https:\/\/aovolante.tv.br\/index.php?rest_route=\/wp\/v2\/users\/12"}],"replies":[{"embeddable":true,"href":"https:\/\/aovolante.tv.br\/index.php?rest_route=%2Fwp%2Fv2%2Fcomments&post=9725"}],"version-history":[{"count":1,"href":"https:\/\/aovolante.tv.br\/index.php?rest_route=\/wp\/v2\/posts\/9725\/revisions"}],"predecessor-version":[{"id":9728,"href":"https:\/\/aovolante.tv.br\/index.php?rest_route=\/wp\/v2\/posts\/9725\/revisions\/9728"}],"wp:featuredmedia":[{"embeddable":true,"href":"https:\/\/aovolante.tv.br\/index.php?rest_route=\/wp\/v2\/media\/9727"}],"wp:attachment":[{"href":"https:\/\/aovolante.tv.br\/index.php?rest_route=%2Fwp%2Fv2%2Fmedia&parent=9725"}],"wp:term":[{"taxonomy":"category","embeddable":true,"href":"https:\/\/aovolante.tv.br\/index.php?rest_route=%2Fwp%2Fv2%2Fcategories&post=9725"},{"taxonomy":"post_tag","embeddable":true,"href":"https:\/\/aovolante.tv.br\/index.php?rest_route=%2Fwp%2Fv2%2Ftags&post=9725"}],"curies":[{"name":"wp","href":"https:\/\/api.w.org\/{rel}","templated":true}]}}