{"id":9722,"date":"2026-09-03T23:59:45","date_gmt":"2026-09-04T02:59:45","guid":{"rendered":"https:\/\/aovolante.tv.br\/?p=9722"},"modified":"2026-09-03T23:59:46","modified_gmt":"2026-09-04T02:59:46","slug":"ouribank-endurance-volta-a-interlagos","status":"publish","type":"post","link":"https:\/\/aovolante.tv.br\/?p=9722","title":{"rendered":"Ouribank Endurance volta a Interlagos"},"content":{"rendered":"<div class=\"wp-block-image\">\n<figure class=\"aligncenter size-full\"><img fetchpriority=\"high\" decoding=\"async\" width=\"775\" height=\"515\" src=\"https:\/\/aovolante.tv.br\/wp-content\/uploads\/2026\/09\/image-16.png\" alt=\"\" class=\"wp-image-9723\" srcset=\"https:\/\/aovolante.tv.br\/wp-content\/uploads\/2026\/09\/image-16.png 775w, https:\/\/aovolante.tv.br\/wp-content\/uploads\/2026\/09\/image-16-150x100.png 150w, https:\/\/aovolante.tv.br\/wp-content\/uploads\/2026\/09\/image-16-300x199.png 300w, https:\/\/aovolante.tv.br\/wp-content\/uploads\/2026\/09\/image-16-767x510.png 767w, https:\/\/aovolante.tv.br\/wp-content\/uploads\/2026\/09\/image-16-585x389.png 585w, https:\/\/aovolante.tv.br\/wp-content\/uploads\/2026\/09\/image-16-263x175.png 263w\" sizes=\"(max-width: 775px) 100vw, 775px\" \/><\/figure>\n<\/div>\n\n\n<p class=\"wp-block-paragraph\"><\/p>\n\n\n\n<p class=\"wp-block-paragraph\">O Ouribank Endurance Brasil est\u00e1 pronto para retornar, entre os dias 10 e 12 de setembro, ao Aut\u00f3dromo de Interlagos, em S\u00e3o Paulo, para a disputa da sexta e antepen\u00faltima etapa da temporada. O templo do automobilismo brasileiro j\u00e1 recebeu a \u00fanica rodada dupla do campeonato at\u00e9 aqui, em maio. E como naquela ocasi\u00e3o, a passagem do show dos carros mais r\u00e1pidos do pa\u00eds pelo circuito paulistano ser\u00e1 especial, com ampla programa\u00e7\u00e3o no fim de semana, novidades no grid e clima de decis\u00e3o.<\/p>\n\n\n\n<p class=\"wp-block-paragraph\">Depois da \u00faltima etapa, no Aut\u00f3dromo de Santa Cruz do Sul (RS), as disputas pelo t\u00edtulo ficaram ainda mais acirradas. Na classifica\u00e7\u00e3o geral e na classe P1, voltada aos prot\u00f3tipos, a Ligier JS P320 de Lucas e Victor Foresti e Gabriel Koenigkan viu a vantagem cair para o trio Marco Pisani\/Gustavo Kiryla\/Renan Guerra, que arrancou a vit\u00f3ria de Enzo Elias\/Andr\u00e9 Ros\u00e1rio com uma ultrapassagem na \u00faltima volta. O trio brasiliense tem 685 pontos at\u00e9 aqui, apenas 10 a mais do que os rivais. Se j\u00e1 considerado o descarte do pior resultado at\u00e9 o momento, Elias\/Ros\u00e1rio tamb\u00e9m entrariam na briga, pois ficariam a apenas 100 pontos da lideran\u00e7a &#8211; s\u00e3o 150 pontos em disputa a cada etapa.<\/p>\n\n\n\n<figure class=\"wp-block-image\"><img decoding=\"async\" src=\"https:\/\/endurancebrasiloficial.com.br\/media\/django_ckeditor_5\/20260524_@renatofmafra_4088%20(1).jpg\" alt=\"\"\/><figcaption class=\"wp-element-caption\">Classes GT3 e GT4 prometem duelos espetaculares em Interlagos (Renato Mafra\/MS2 Comunica\u00e7\u00e3o)<\/figcaption><\/figure>\n\n\n\n<p class=\"wp-block-paragraph\">Outro show \u00e0 parte est\u00e1 na classe GT4. No interior ga\u00facho, o trio Giuliano Bertuccelli\/Luiz Landi\/Enrico Pedrosa conquistou sua segunda vit\u00f3ria seguida e colocou seu Porsche 718 Cayman GT4 RS Clubsport empatado na vice-lideran\u00e7a, com 625 pontos, com os atuais campe\u00f5es, Jacques Quartiero\/Alan Hellmeister, que utilizam o mesmo modelo e tamb\u00e9m defendem a Stuttgart Motorsport. As m\u00e1quinas alem\u00e3s tentam tomar a lideran\u00e7a do McLaren Artura GT4, preparado pela MC Tubar\u00e3o Eurobike Motorsport e pilotado por Andr\u00e9 Negr\u00e3o, Kim Camelo e Enzo Visconde.<\/p>\n\n\n\n<p class=\"wp-block-paragraph\">Pela GT3, a Stuttgart lidera com quatro vit\u00f3rias em cinco provas no ano de seu Porsche 911 GT3 R, pilotado por Ricardo Maur\u00edcio, Mar\u00e7al M\u00fcller e Marcel Visconde. Em Interlagos, no entanto, os atuais campe\u00f5es n\u00e3o ter\u00e3o vida f\u00e1cil: eles v\u00e3o encarar nada menos do que seis Mercedes AMG GT3 na disputa da vit\u00f3ria. Al\u00e9m do cl\u00e3 S\u00e9rgio e Guilherme Ribas, que tem competido regularmente no campeonato, est\u00e3o confirmadas as duplas formadas por Ricardo Baptista e Rafael Suzuki, Marco e Maurizio Billi, Guilherme Figueiroa e J\u00falio Campos, Felipe Evangelista e Felipe Baptista e por Alexandre Auler e Nelson Monteiro.<\/p>\n\n\n\n<figure class=\"wp-block-image\"><img decoding=\"async\" src=\"https:\/\/endurancebrasiloficial.com.br\/media\/django_ckeditor_5\/BT610120.jpg\" alt=\"\"\/><figcaption class=\"wp-element-caption\">Antepen\u00fatima etapa vai esquentar a briga das Ligier pelo t\u00edtulo (Bruno Terena\/MS2 Comunica\u00e7\u00e3o)<\/figcaption><\/figure>\n\n\n\n<p class=\"wp-block-paragraph\">O espet\u00e1culo com as m\u00e1quinas mais desejadas do pa\u00eds est\u00e1 garantido tamb\u00e9m fora dos treinos e da prova, com tr\u00eas horas de dura\u00e7\u00e3o, do Endurance. Interlagos tamb\u00e9m vai receber a quinta etapa da BMW M2 Cup Brasil, que estreou no pa\u00eds na mais recente rodada realizada na capital paulista e divide as pistas com a categoria em todas as pra\u00e7as desde ent\u00e3o. Outra atra\u00e7\u00e3o garantida \u00e9 o Porsche Club, promovido no Brasil desde 1997 pela Stuttgart e que re\u00fane aficionados pela marca alem\u00e3 com carros \u00fanicos.<\/p>\n\n\n\n<p class=\"wp-block-paragraph\">Os ingressos podem ser adquiridos pelo site da\u00a0<u>DiskIngressos<\/u>, com valores a partir de R$ 15 (arquibancada coberta na reta principal) e R$ 325 (camarote superior). As duas modalidades contemplam visita\u00e7\u00e3o aos boxes no hor\u00e1rio previsto na manh\u00e3 de s\u00e1bado (12). Desta vez, entretanto, n\u00e3o haver\u00e1 estacionamento dentro do aut\u00f3dromo, em virtude das reformas que est\u00e3o em andamento no local. Para quem estiver longe de S\u00e3o Paulo, as provas ter\u00e3o transmiss\u00e3o ao vivo no canal oficial da categoria no YouTube, bem como pelo canal de FastTV do Acelerados e portal High Speed.<\/p>\n\n\n\n<p class=\"wp-block-paragraph\">Confira a programa\u00e7\u00e3o do Ouribank Endurance Brasil em Interlagos:<br>&nbsp;<\/p>\n\n\n\n<p class=\"wp-block-paragraph\"><strong>10 de setembro de 2026 \u2013 Quinta-feira<\/strong><\/p>\n\n\n\n<p class=\"wp-block-paragraph\">07h00 \u00e0s 13h00 &nbsp; &nbsp; &nbsp; &nbsp; Porsche Club<\/p>\n\n\n\n<p class=\"wp-block-paragraph\">13h00 \u00e0s 14h00 &nbsp; &nbsp; &nbsp; &nbsp; Treino extra (opcional) \u2013 BMW M2 Cup Brasil<\/p>\n\n\n\n<p class=\"wp-block-paragraph\">14h00 \u00e0s 18h00 &nbsp; &nbsp; &nbsp; &nbsp; Treino Livre Oficial 1 \u2013 Ouribank Endurance Brasil (todas as categorias)<\/p>\n\n\n\n<figure class=\"wp-block-image\"><img decoding=\"async\" src=\"https:\/\/endurancebrasiloficial.com.br\/media\/django_ckeditor_5\/20260524_@renatofmafra_4025.jpg\" alt=\"\"\/><figcaption class=\"wp-element-caption\">F\u00e3s poder\u00e3o conhecer m\u00e1quinas e \u00eddolos de perto antes da largada (Renato Mafra\/MS2 Comunica\u00e7\u00e3o)<\/figcaption><\/figure>\n\n\n\n<p class=\"wp-block-paragraph\"><strong>11 de setembro de 2026 \u2013 Sexta-feira<\/strong><\/p>\n\n\n\n<p class=\"wp-block-paragraph\">07h00 \u00e0s 12h10 &nbsp; &nbsp; &nbsp; &nbsp; Porsche Club&nbsp;<\/p>\n\n\n\n<p class=\"wp-block-paragraph\">12h20 \u00e0s 12h50 &nbsp; &nbsp; &nbsp; &nbsp; Volta R\u00e1pida Ouribank<\/p>\n\n\n\n<p class=\"wp-block-paragraph\">13h00 \u00e0s 13h40 &nbsp; &nbsp; &nbsp; &nbsp; Treino livre oficial 2 \u2013 Ouribank Endurance Brasil (todas as categorias)<\/p>\n\n\n\n<p class=\"wp-block-paragraph\">13h50 \u00e0s 14h10 &nbsp; &nbsp; &nbsp; &nbsp; Treino livre oficial 1 \u2013 M2 Cup Brasil<\/p>\n\n\n\n<p class=\"wp-block-paragraph\">14h20 \u00e0s 15h00 &nbsp; &nbsp; &nbsp; &nbsp; Treino livre oficial 3 \u2013 Ouribank Endurance Brasil (todas as categorias)<\/p>\n\n\n\n<p class=\"wp-block-paragraph\">15h10 \u00e0s 15h30 &nbsp; &nbsp; &nbsp; &nbsp; Treino livre oficial 2 \u2013 M2 Cup Brasil<\/p>\n\n\n\n<p class=\"wp-block-paragraph\">15h40 \u00e0s 16h10 &nbsp; &nbsp; &nbsp; &nbsp; Treino livre oficial 4 \u2013 Ouribank Endurance Brasil (todas as categorias)<\/p>\n\n\n\n<p class=\"wp-block-paragraph\">TREINOS CLASSIFICAT\u00d3RIOS<\/p>\n\n\n\n<p class=\"wp-block-paragraph\">16h20 \u00e0s 16h30&nbsp; &nbsp; &nbsp; &nbsp; &nbsp; &nbsp; Treino Classificat\u00f3rio \u2013M2 Cup Brasil<\/p>\n\n\n\n<p class=\"wp-block-paragraph\">16h40 \u00e0s 17h00&nbsp; &nbsp; &nbsp; &nbsp; &nbsp; &nbsp; Treino Classificat\u00f3rio \u2013 Ouribank Endurance Brasil (categoria GT4)<\/p>\n\n\n\n<p class=\"wp-block-paragraph\">17h10 \u00e0s 17h30&nbsp; &nbsp; &nbsp; &nbsp; &nbsp; &nbsp; Treino Classificat\u00f3rio \u2013 Ouribank Endurance Brasil (categoria GT3)<\/p>\n\n\n\n<p class=\"wp-block-paragraph\">17h40 \u00e0s 18h00&nbsp; &nbsp; &nbsp; &nbsp; &nbsp; &nbsp; Treino Classificat\u00f3rio \u2013 Ouribank Endurance Brasil (categoria P1)<\/p>\n\n\n\n<p class=\"wp-block-paragraph\"><strong>12 de setembro de 2026 \u2013 S\u00e1bado<\/strong><\/p>\n\n\n\n<p class=\"wp-block-paragraph\">8h30 \u00e0s 8h50 &nbsp; &nbsp; &nbsp; &nbsp; &nbsp; &nbsp; Warmup \u2013 Ouribank Endurance Brasil<\/p>\n\n\n\n<p class=\"wp-block-paragraph\">09h10 &nbsp; &nbsp; &nbsp; &nbsp; &nbsp; &nbsp; &nbsp; &nbsp; &nbsp; &nbsp; &nbsp; &nbsp; Abertura de box<\/p>\n\n\n\n<p class=\"wp-block-paragraph\">09h15 &nbsp; &nbsp; &nbsp; &nbsp; &nbsp; &nbsp; &nbsp; &nbsp; &nbsp; &nbsp; &nbsp; &nbsp; Fechamento de box<\/p>\n\n\n\n<p class=\"wp-block-paragraph\">09h20 &nbsp; &nbsp; &nbsp; &nbsp; &nbsp; &nbsp; &nbsp; &nbsp; &nbsp; &nbsp; &nbsp; &nbsp; Placa de 5 minutos<\/p>\n\n\n\n<p class=\"wp-block-paragraph\">09h25 &nbsp; &nbsp; &nbsp; &nbsp; &nbsp; &nbsp; &nbsp; &nbsp; &nbsp; &nbsp; &nbsp; &nbsp; Etapa 5, Prova 1 \u2013 BMW M2 Cup Brasil<\/p>\n\n\n\n<p class=\"wp-block-paragraph\">09h55 &nbsp; &nbsp; &nbsp; &nbsp; &nbsp; &nbsp; &nbsp; &nbsp; &nbsp; &nbsp; &nbsp; &nbsp; Cerim\u00f4nia de P\u00f3dio<\/p>\n\n\n\n<p class=\"wp-block-paragraph\">10h00 \u00e0s 10h50 &nbsp; &nbsp; &nbsp; &nbsp; Visita\u00e7\u00e3o aos boxes + Hor\u00e1rio promocional Stuttgart Porsche<\/p>\n\n\n\n<p class=\"wp-block-paragraph\">11h00 &nbsp; &nbsp; &nbsp; &nbsp; &nbsp; &nbsp; &nbsp; &nbsp; &nbsp; &nbsp; &nbsp; &nbsp; Abertura de box<\/p>\n\n\n\n<p class=\"wp-block-paragraph\">11h15 &nbsp; &nbsp; &nbsp; &nbsp; &nbsp; &nbsp; &nbsp; &nbsp; &nbsp; &nbsp; &nbsp; &nbsp; Fechamento de box&nbsp;<\/p>\n\n\n\n<p class=\"wp-block-paragraph\">11h20 &nbsp; &nbsp; &nbsp; &nbsp; &nbsp; &nbsp; &nbsp; &nbsp; &nbsp; &nbsp; &nbsp; &nbsp; Hino Nacional Brasileiro&nbsp;<\/p>\n\n\n\n<p class=\"wp-block-paragraph\">11h25 &nbsp; &nbsp; &nbsp; &nbsp; &nbsp; &nbsp; &nbsp; &nbsp; &nbsp; &nbsp; &nbsp; &nbsp; Placa de 5 minutos&nbsp;<\/p>\n\n\n\n<p class=\"wp-block-paragraph\">11h30 &nbsp; &nbsp; &nbsp; &nbsp; &nbsp; &nbsp; &nbsp; &nbsp; &nbsp; &nbsp; &nbsp; &nbsp; Largada \u2013 Ouribank Endurance Brasil (6\u00aa etapa)<\/p>\n\n\n\n<p class=\"wp-block-paragraph\">14h30 &nbsp; &nbsp; &nbsp; &nbsp; &nbsp; &nbsp; &nbsp; &nbsp; &nbsp; &nbsp; &nbsp; &nbsp; Cerim\u00f4nia de P\u00f3dio<\/p>\n\n\n\n<p class=\"wp-block-paragraph\">14h45 &nbsp; &nbsp; &nbsp; &nbsp; &nbsp; &nbsp; &nbsp; &nbsp; &nbsp; &nbsp; &nbsp; &nbsp; Abertura de box<\/p>\n\n\n\n<p class=\"wp-block-paragraph\">14h50 &nbsp; &nbsp; &nbsp; &nbsp; &nbsp; &nbsp; &nbsp; &nbsp; &nbsp; &nbsp; &nbsp; &nbsp; Fechamento de box<\/p>\n\n\n\n<p class=\"wp-block-paragraph\">14h55 &nbsp; &nbsp; &nbsp; &nbsp; &nbsp; &nbsp; &nbsp; &nbsp; &nbsp; &nbsp; &nbsp; &nbsp; Placa de 5 minutos&nbsp;<\/p>\n\n\n\n<p class=\"wp-block-paragraph\">15h00 &nbsp; &nbsp; &nbsp; &nbsp; &nbsp; &nbsp; &nbsp; &nbsp; &nbsp; &nbsp; &nbsp; &nbsp; Etapa 5, Prova 2 \u2013 BMW M2 Cup Brasil<\/p>\n\n\n\n<p class=\"wp-block-paragraph\">15h30 &nbsp; &nbsp; &nbsp; &nbsp; &nbsp; &nbsp; &nbsp; &nbsp; &nbsp; &nbsp; &nbsp; &nbsp; Cerim\u00f4nia de P\u00f3dio&nbsp;<\/p>\n\n\n\n<p class=\"wp-block-paragraph\">15h40 \u00e0s 17h40 &nbsp; &nbsp; &nbsp; &nbsp; Test Drive BMW&nbsp;<\/p>\n\n\n\n<p class=\"wp-block-paragraph\"><br><strong>CREDENCIAMENTO DE IMPRENSA<\/strong><\/p>\n\n\n\n<p class=\"wp-block-paragraph\">Para esta etapa, os pedidos de credenciamento para ve\u00edculos de imprensa estar\u00e3o dispon\u00edveis at\u00e9 \u00e0s 12h do dia 7 de setembro. Os interessados devem encaminhar um e-mail para\u00a0geferson@ms2comunicacao.com.br,\u00a0onde deve constar nome completo, CPF, data de nascimento, telefone, endere\u00e7o de e-mail, ve\u00edculo de imprensa que representa e a fun\u00e7\u00e3o dentro desta empresa. As respostas ser\u00e3o encaminhadas para o endere\u00e7o eletr\u00f4nico do remetente at\u00e9 o final do dia seguinte.<\/p>\n\n\n\n<p class=\"wp-block-paragraph\"><strong>SOBRE O OURIBANK ENDURANCE BRASIL<\/strong><\/p>\n\n\n\n<p class=\"wp-block-paragraph\">O Endurance Brasil leva a promo\u00e7\u00e3o e organiza\u00e7\u00e3o da Associa\u00e7\u00e3o de Pilotos de Endurance (APE). Os patrocinadores oficiais em 2026 s\u00e3o Ouribank, Stuttgart Porsche, Eurobike, Pirelli e Ballena.<\/p>\n\n\n\n<p class=\"wp-block-paragraph\"><\/p>\n","protected":false},"excerpt":{"rendered":"<p>O Ouribank Endurance Brasil est\u00e1 pronto para retornar, entre os dias 10 e 12 de setembro, ao Aut\u00f3dromo de Interlagos, em S\u00e3o Paulo, para a disputa da sexta e antepen\u00faltima&hellip;<\/p>\n","protected":false},"author":12,"featured_media":9723,"comment_status":"closed","ping_status":"open","sticky":false,"template":"","format":"standard","meta":{"_lmt_disableupdate":"","_lmt_disable":"","footnotes":"","jetpack_publicize_message":"","jetpack_publicize_feature_enabled":true,"jetpack_social_post_already_shared":true,"jetpack_social_options":{"image_generator_settings":{"template":"highway","default_image_id":0,"font":"","enabled":false},"version":2}},"categories":[41,26],"tags":[],"class_list":["post-9722","post","type-post","status-publish","format-standard","has-post-thumbnail","hentry","category-endurance-brasil","category-nas-pistas"],"jetpack_publicize_connections":[],"_links":{"self":[{"href":"https:\/\/aovolante.tv.br\/index.php?rest_route=\/wp\/v2\/posts\/9722","targetHints":{"allow":["GET"]}}],"collection":[{"href":"https:\/\/aovolante.tv.br\/index.php?rest_route=\/wp\/v2\/posts"}],"about":[{"href":"https:\/\/aovolante.tv.br\/index.php?rest_route=\/wp\/v2\/types\/post"}],"author":[{"embeddable":true,"href":"https:\/\/aovolante.tv.br\/index.php?rest_route=\/wp\/v2\/users\/12"}],"replies":[{"embeddable":true,"href":"https:\/\/aovolante.tv.br\/index.php?rest_route=%2Fwp%2Fv2%2Fcomments&post=9722"}],"version-history":[{"count":1,"href":"https:\/\/aovolante.tv.br\/index.php?rest_route=\/wp\/v2\/posts\/9722\/revisions"}],"predecessor-version":[{"id":9724,"href":"https:\/\/aovolante.tv.br\/index.php?rest_route=\/wp\/v2\/posts\/9722\/revisions\/9724"}],"wp:featuredmedia":[{"embeddable":true,"href":"https:\/\/aovolante.tv.br\/index.php?rest_route=\/wp\/v2\/media\/9723"}],"wp:attachment":[{"href":"https:\/\/aovolante.tv.br\/index.php?rest_route=%2Fwp%2Fv2%2Fmedia&parent=9722"}],"wp:term":[{"taxonomy":"category","embeddable":true,"href":"https:\/\/aovolante.tv.br\/index.php?rest_route=%2Fwp%2Fv2%2Fcategories&post=9722"},{"taxonomy":"post_tag","embeddable":true,"href":"https:\/\/aovolante.tv.br\/index.php?rest_route=%2Fwp%2Fv2%2Ftags&post=9722"}],"curies":[{"name":"wp","href":"https:\/\/api.w.org\/{rel}","templated":true}]}}