{"id":9719,"date":"2026-09-03T23:54:26","date_gmt":"2026-09-04T02:54:26","guid":{"rendered":"https:\/\/aovolante.tv.br\/?p=9719"},"modified":"2026-09-03T23:54:28","modified_gmt":"2026-09-04T02:54:28","slug":"nascar-brasil-prestigia-apresentacao-do-novo-autodromo-de-chapeco","status":"publish","type":"post","link":"https:\/\/aovolante.tv.br\/?p=9719","title":{"rendered":"NASCAR Brasil prestigia apresenta\u00e7\u00e3o do novo aut\u00f3dromo de Chapec\u00f3"},"content":{"rendered":"<div class=\"wp-block-image\">\n<figure class=\"aligncenter size-full\"><img fetchpriority=\"high\" decoding=\"async\" width=\"750\" height=\"430\" src=\"https:\/\/aovolante.tv.br\/wp-content\/uploads\/2026\/09\/image-15.png\" alt=\"\" class=\"wp-image-9720\" srcset=\"https:\/\/aovolante.tv.br\/wp-content\/uploads\/2026\/09\/image-15.png 750w, https:\/\/aovolante.tv.br\/wp-content\/uploads\/2026\/09\/image-15-150x86.png 150w, https:\/\/aovolante.tv.br\/wp-content\/uploads\/2026\/09\/image-15-300x172.png 300w, https:\/\/aovolante.tv.br\/wp-content\/uploads\/2026\/09\/image-15-585x335.png 585w\" sizes=\"(max-width: 750px) 100vw, 750px\" \/><\/figure>\n<\/div>\n\n\n<p class=\"wp-block-paragraph\"><\/p>\n\n\n\n<p class=\"wp-block-paragraph\">A NASCAR Brasil Series prestigiou e participou, nesta ter\u00e7a-feira (25), do evento-teste do novo Aut\u00f3dromo Internacional M\u00e1rcio Vaccaro, em Chapec\u00f3 (SC). A programa\u00e7\u00e3o, realizada durante as comemora\u00e7\u00f5es pelos 109 anos do munic\u00edpio, reuniu p\u00fablico, pilotos e representantes de diferentes categorias do automobilismo nacional e marcou a apresenta\u00e7\u00e3o da nova pista \u00e0 comunidade.<\/p>\n\n\n\n<p class=\"wp-block-paragraph\">Representando a NASCAR Brasil, os pilotos catarinenses Felipinho Tozzo, Gui Backes e Bruna Tomaselli participaram das atividades em pista, proporcionando ao p\u00fablico um primeiro contato com os carros da categoria no novo circuito.<\/p>\n\n\n\n<p class=\"wp-block-paragraph\">A participa\u00e7\u00e3o da NASCAR Brasil ganhou um significado ainda maior porque o novo aut\u00f3dromo j\u00e1 est\u00e1 confirmado no calend\u00e1rio da categoria. Nos dias 30 de outubro e 1\u00ba de novembro, Chapec\u00f3 receber\u00e1 a oitava etapa da temporada, que marcar\u00e1 o in\u00edcio da fase Playoff, com tr\u00eas corridas previstas no fim de semana.<\/p>\n\n\n\n<p class=\"wp-block-paragraph\">Para o CEO da NASCAR Brasil Series, Thiago Marques, a chegada do novo aut\u00f3dromo representa um avan\u00e7o importante para o automobilismo brasileiro e cria um desafio especial para a categoria.<\/p>\n\n\n\n<p class=\"wp-block-paragraph\">\u201c\u00c9 muito significativo para a NASCAR Brasil participar desse momento em Chapec\u00f3 e, principalmente, voltar \u00e0 cidade para uma etapa do campeonato. Estamos falando de um novo empreendimento que chega para fortalecer o automobilismo em Santa Catarina e ampliar a estrutura dispon\u00edvel para o esporte no Brasil\u201d, destaca.<\/p>\n\n\n\n<p class=\"wp-block-paragraph\">\u201cPara a NASCAR Brasil, iniciar a fase Playoff em uma pista nova traz um desafio especial, tanto para pilotos quanto para equipes. Ser\u00e1 uma etapa com tr\u00eas corridas e, portanto, com muitas oportunidades e tamb\u00e9m muita responsabilidade para quem est\u00e1 na disputa pelo t\u00edtulo. Temos uma grande expectativa para conhecer na pr\u00e1tica o potencial desse aut\u00f3dromo e proporcionar ao p\u00fablico de Chapec\u00f3 uma experi\u00eancia com o automobilismo de alto n\u00edvel\u201d, enfatiza.<\/p>\n\n\n\n<p class=\"wp-block-paragraph\">A realiza\u00e7\u00e3o da etapa em um circuito in\u00e9dito acrescentar\u00e1 um componente estrat\u00e9gico \u00e0 disputa pelo campeonato. Al\u00e9m de conhecer e interpretar rapidamente o novo tra\u00e7ado, pilotos e equipes ter\u00e3o de buscar o melhor acerto dos carros em um fim de semana que contar\u00e1 com tr\u00eas corridas e ter\u00e1 peso importante na briga pelo t\u00edtulo.<\/p>\n\n\n\n<p class=\"wp-block-paragraph\">Para Felipinho Tozzo (Chevrolet #57\/Team RC), representante da casa e um dos pilotos que participaram do evento-teste, correr em Chapec\u00f3 ter\u00e1 um significado especial.<\/p>\n\n\n\n<p class=\"wp-block-paragraph\">\u201c\u00c9 muito especial poder participar desse momento em Chapec\u00f3, ainda mais sendo catarinense e tendo a oportunidade de andar em um aut\u00f3dromo novo, que chega com uma estrutura muito importante para o nosso Estado. Tenho certeza de que ser\u00e1 um fim de semana muito especial para todos n\u00f3s e para o p\u00fablico\u201d, menciona.<\/p>\n\n\n\n<p class=\"wp-block-paragraph\">Gui Backes (Ford #28\/AMattheis Vogel) destaca o desafio de chegar a uma pista in\u00e9dita. \u201cAndar em uma pista nova sempre \u00e9 um desafio muito interessante. Vamos precisar aprender rapidamente o tra\u00e7ado, entender os pontos de frenagem, o comportamento do carro e encontrar o melhor acerto. E fazer isso em Chapec\u00f3, diante do p\u00fablico catarinense e na nossa \u201ccasa\u201d, torna tudo ainda mais especial\u201d, declara.<\/p>\n\n\n\n<p class=\"wp-block-paragraph\">Para Bruna Tomaselli (Ford #97\/SG28 by Pole Motorsport), a experi\u00eancia tamb\u00e9m representa uma oportunidade importante em sua trajet\u00f3ria no automobilismo.<\/p>\n\n\n\n<p class=\"wp-block-paragraph\">\u201c\u00c9 uma oportunidade muito bacana participar desse momento e representar a NASCAR Brasil em uma pista que est\u00e1 come\u00e7ando uma nova hist\u00f3ria no automobilismo. Para n\u00f3s, pilotos, \u00e9 um desafio enorme porque ser\u00e1 tudo novo, mas tamb\u00e9m \u00e9 uma experi\u00eancia que vamos levar para a carreira. Estou muito animada para conhecer o circuito, trabalhar junto com a equipe e aproveitar essa oportunidade de correr diante do p\u00fablico do meu Estado e de Chapec\u00f3\u201d, conclui.<\/p>\n\n\n\n<p class=\"wp-block-paragraph\">A NASCAR Brasil Series conta com as montadoras Chevrolet e Ford, patroc\u00ednio de Pirelli, Shopee e Karter, al\u00e9m dos fornecedores oficiais Frum, Militec1, Servitec, Nano4you, Tecpads, Sparco, Viemar, Zanoello e Rodas Raw.<\/p>\n\n\n\n<p class=\"wp-block-paragraph\"><strong>Calend\u00e1rio NASCAR Brasil Series 2026<\/strong><\/p>\n\n\n\n<p class=\"wp-block-paragraph\">Evento Pr\u00e9-temporada \u2013 22 de mar\u00e7o \u2013 Circuito Panamericano Pirelli<br>1\u00aa Etapa \u2013 12 de abril \u2013 Santa Cruz do Sul (RS)<br>2\u00aa Etapa \u2013 03 de maio \u2013 Cascavel (PR)<br>3\u00aa Etapa \u2013 31 de maio \u2013 Interlagos (SP)<br>4\u00aa Etapa \u2013 28 de junho \u2013 Velocitta (SP)<br>5\u00aa Etapa \u2013 01 de agosto \u2013 Cuiab\u00e1 (MT)<br>6\u00aa Etapa \u2013 23 de agosto \u2013 Londrina (PR)<br>7\u00aa Etapa \u2013 20 de setembro \u2013 Curvelo (MG)<br>8\u00aa Etapa \u2013 01 de novembro \u2013 Chapec\u00f3 (SC)<br>9\u00aa Etapa \/ Grande Final \u2013 29 de novembro \u2013 Bras\u00edlia (DF)<\/p>\n\n\n\n<p class=\"wp-block-paragraph\"><strong>Acompanhe a categoria nas redes sociais @NASCARBrasil:<\/strong><br>YouTube | Instagram | TikTok | Facebook | X | Threads | LinkedIn<\/p>\n\n\n\n<p class=\"wp-block-paragraph\">Site: nascarbrasil.com.br<\/p>\n\n\n\n<p class=\"wp-block-paragraph\"><strong>Comunica\u00e7\u00e3o \u2013 NASCAR Brasil<\/strong><br>Silvana Grezzana Santos<br>+55 (11) 99972-6966<br>Imprensa@nascarbrasil.com.br<\/p>\n\n\n\n<p class=\"wp-block-paragraph\"><\/p>\n","protected":false},"excerpt":{"rendered":"<p>A NASCAR Brasil Series prestigiou e participou, nesta ter\u00e7a-feira (25), do evento-teste do novo Aut\u00f3dromo Internacional M\u00e1rcio Vaccaro, em Chapec\u00f3 (SC). A programa\u00e7\u00e3o, realizada durante as comemora\u00e7\u00f5es pelos 109 anos&hellip;<\/p>\n","protected":false},"author":11,"featured_media":9720,"comment_status":"closed","ping_status":"open","sticky":false,"template":"","format":"standard","meta":{"_lmt_disableupdate":"","_lmt_disable":"","footnotes":"","jetpack_publicize_message":"","jetpack_publicize_feature_enabled":true,"jetpack_social_post_already_shared":true,"jetpack_social_options":{"image_generator_settings":{"template":"highway","default_image_id":0,"font":"","enabled":false},"version":2}},"categories":[26,31],"tags":[61],"class_list":["post-9719","post","type-post","status-publish","format-standard","has-post-thumbnail","hentry","category-nas-pistas","category-nascar-brasil","tag-nascar-brasil"],"jetpack_publicize_connections":[],"_links":{"self":[{"href":"https:\/\/aovolante.tv.br\/index.php?rest_route=\/wp\/v2\/posts\/9719","targetHints":{"allow":["GET"]}}],"collection":[{"href":"https:\/\/aovolante.tv.br\/index.php?rest_route=\/wp\/v2\/posts"}],"about":[{"href":"https:\/\/aovolante.tv.br\/index.php?rest_route=\/wp\/v2\/types\/post"}],"author":[{"embeddable":true,"href":"https:\/\/aovolante.tv.br\/index.php?rest_route=\/wp\/v2\/users\/11"}],"replies":[{"embeddable":true,"href":"https:\/\/aovolante.tv.br\/index.php?rest_route=%2Fwp%2Fv2%2Fcomments&post=9719"}],"version-history":[{"count":1,"href":"https:\/\/aovolante.tv.br\/index.php?rest_route=\/wp\/v2\/posts\/9719\/revisions"}],"predecessor-version":[{"id":9721,"href":"https:\/\/aovolante.tv.br\/index.php?rest_route=\/wp\/v2\/posts\/9719\/revisions\/9721"}],"wp:featuredmedia":[{"embeddable":true,"href":"https:\/\/aovolante.tv.br\/index.php?rest_route=\/wp\/v2\/media\/9720"}],"wp:attachment":[{"href":"https:\/\/aovolante.tv.br\/index.php?rest_route=%2Fwp%2Fv2%2Fmedia&parent=9719"}],"wp:term":[{"taxonomy":"category","embeddable":true,"href":"https:\/\/aovolante.tv.br\/index.php?rest_route=%2Fwp%2Fv2%2Fcategories&post=9719"},{"taxonomy":"post_tag","embeddable":true,"href":"https:\/\/aovolante.tv.br\/index.php?rest_route=%2Fwp%2Fv2%2Ftags&post=9719"}],"curies":[{"name":"wp","href":"https:\/\/api.w.org\/{rel}","templated":true}]}}