{"id":9716,"date":"2026-09-03T23:49:21","date_gmt":"2026-09-04T02:49:21","guid":{"rendered":"https:\/\/aovolante.tv.br\/?p=9716"},"modified":"2026-09-03T23:49:23","modified_gmt":"2026-09-04T02:49:23","slug":"milei-e-ben-sulayem-inauguram-o-congresso-da-fia-em-buenos-aires","status":"publish","type":"post","link":"https:\/\/aovolante.tv.br\/?p=9716","title":{"rendered":"Milei e Ben Sulayem inauguram o congresso da FIA em Buenos Aires"},"content":{"rendered":"\n<figure class=\"wp-block-image size-full\"><img fetchpriority=\"high\" decoding=\"async\" width=\"950\" height=\"633\" src=\"https:\/\/aovolante.tv.br\/wp-content\/uploads\/2026\/09\/image-10.png\" alt=\"\" class=\"wp-image-9717\" srcset=\"https:\/\/aovolante.tv.br\/wp-content\/uploads\/2026\/09\/image-10.png 950w, https:\/\/aovolante.tv.br\/wp-content\/uploads\/2026\/09\/image-10-300x200.png 300w, https:\/\/aovolante.tv.br\/wp-content\/uploads\/2026\/09\/image-10-150x100.png 150w, https:\/\/aovolante.tv.br\/wp-content\/uploads\/2026\/09\/image-10-767x511.png 767w, https:\/\/aovolante.tv.br\/wp-content\/uploads\/2026\/09\/image-10-585x390-1.png 585w, https:\/\/aovolante.tv.br\/wp-content\/uploads\/2026\/09\/image-10-263x175.png 263w\" sizes=\"(max-width: 950px) 100vw, 950px\" \/><\/figure>\n\n\n\n<p class=\"wp-block-paragraph\"><\/p>\n\n\n\n<p class=\"wp-block-paragraph\"><\/p>\n\n\n\n<p class=\"wp-block-paragraph\">O Presidente da Argentina, Javier Milei, e o Presidente da FIA, Sua Excel\u00eancia Mohammed Ben Sulayem, inauguraram oficialmente o Congresso Americano da FIA de 2026 em Buenos Aires, reunindo clubes membros da FIA de toda a Am\u00e9rica para promover o futuro da mobilidade e do automobilismo.<\/p>\n\n\n\n<p class=\"wp-block-paragraph\">O presidente Milei juntou-se ao presidente Ben Sulayem e a representantes de 32 clubes membros da FIA da Am\u00e9rica do Norte, Central, do Sul e do Caribe na abertura do congresso de tr\u00eas dias, organizado pelo Autom\u00f3vil Club Argentino (ACA).<\/p>\n\n\n\n<p class=\"wp-block-paragraph\">Antes da inaugura\u00e7\u00e3o, o presidente Ben Sulayem reuniu-se com o presidente Milei, com discuss\u00f5es focadas nas oportunidades de fortalecer a coopera\u00e7\u00e3o entre a FIA e a Argentina nas \u00e1reas de mobilidade e automobilismo. Os dois presidentes discutiram as ambi\u00e7\u00f5es da Argentina para o crescimento cont\u00ednuo do automobilismo, incluindo a F\u00f3rmula 1 e os outros cinco Campeonatos Mundiais da FIA, com base em uma rica tradi\u00e7\u00e3o no automobilismo e uma base de f\u00e3s apaixonada.<\/p>\n\n\n\n<p class=\"wp-block-paragraph\">Eles tamb\u00e9m discutiram o cen\u00e1rio da mobilidade em r\u00e1pida transforma\u00e7\u00e3o e a import\u00e2ncia da colabora\u00e7\u00e3o entre governos, clubes membros da FIA e a ind\u00fastria para oferecer um transporte mais seguro, acess\u00edvel e sustent\u00e1vel para os usu\u00e1rios das rodovias.<\/p>\n\n\n\n<p class=\"wp-block-paragraph\">O encontro deu continuidade a uma s\u00e9rie de compromissos de alto n\u00edvel do presidente da FIA na Am\u00e9rica do Sul, ap\u00f3s reuni\u00f5es com o presidente Jos\u00e9 Antonio Kast, do Chile, e o presidente Santiago Pe\u00f1a, do Paraguai, nos \u00faltimos dias. A Federa\u00e7\u00e3o trabalha em conjunto com governos e seus clubes filiados para desenvolver o automobilismo e fortalecer a mobilidade em toda a regi\u00e3o.<\/p>\n\n\n\n<p class=\"wp-block-paragraph\"><strong>Na abertura do Congresso, o Presidente da Argentina, Javier Milei, disse:&nbsp;<\/strong><em>\u201cO Autom\u00f3vil Club Argentino deu uma enorme contribui\u00e7\u00e3o ao automobilismo nacional, e a Argentina \u00e9 um pa\u00eds que ama carros. A paix\u00e3o argentina pelas corridas \u00e9 atemporal.<\/em><\/p>\n\n\n\n<p class=\"wp-block-paragraph\"><em>\u201cPor isso, convido voc\u00eas a sonharem comigo. A Argentina tem todas as condi\u00e7\u00f5es necess\u00e1rias para receber novamente a F\u00f3rmula 1 e o Campeonato Mundial de Rali em seu calend\u00e1rio. Temos a tradi\u00e7\u00e3o. Temos os pilotos. E agora estamos, mais uma vez, desenvolvendo a seriedade institucional que essas categorias exigem antes da escolha de um pa\u00eds. Temos absolutamente tudo.\u201d<\/em><\/p>\n\n\n\n<p class=\"wp-block-paragraph\"><em>\u201c\u00c9 hora de acelerar a toda velocidade nessa dire\u00e7\u00e3o, e convido voc\u00eas a fazerem deste Congresso [da FIA Americana] o primeiro passo para esse retorno. Porque, no fim das contas, a liberdade de ir e vir, de escolher o carro que voc\u00ea dirige, a rota que voc\u00ea segue e o destino que voc\u00ea quer alcan\u00e7ar \u00e9 uma das express\u00f5es mais concretas e cotidianas da liberdade.\u201d<\/em><\/p>\n\n\n\n<p class=\"wp-block-paragraph\"><em>\u201cHoje, damos-lhe as boas-vindas com essas mesmas estradas, mais abertas do que nunca, e com a mesma convic\u00e7\u00e3o de que qualquer pessoa que queira se deslocar, competir ou construir na Argentina deve poder faz\u00ea-lo em liberdade.<\/em><\/p>\n\n\n\n<p class=\"wp-block-paragraph\"><em>\u201cVamos avan\u00e7ar juntos a toda velocidade para transformar este sonho em realidade.\u201d<\/em><\/p>\n\n\n\n<p class=\"wp-block-paragraph\"><strong>O presidente da FIA, Sua Excel\u00eancia Mohammed Ben Sulayem, disse:&nbsp;<\/strong><em>\u201cFoi uma honra me encontrar com o presidente Milei e inaugurar juntos o Congresso Americano da FIA aqui em Buenos Aires. A Argentina tem uma hist\u00f3ria extraordin\u00e1ria no automobilismo e uma comunidade apaixonada de f\u00e3s, competidores e volunt\u00e1rios. Discutimos como podemos aproveitar esse legado, criar novas oportunidades para a pr\u00f3xima gera\u00e7\u00e3o e apoiar a ambi\u00e7\u00e3o da Argentina de trazer mais eventos internacionais de automobilismo para o pa\u00eds.\u201d<\/em><\/p>\n\n\n\n<p class=\"wp-block-paragraph\"><em>\u201cNo \u00e2mbito da mobilidade, esta \u00e9 tamb\u00e9m uma regi\u00e3o que est\u00e1 passando por mudan\u00e7as significativas. Nossos Clubes Membros est\u00e3o no centro dessa transforma\u00e7\u00e3o, e este Congresso visa reunir seus conhecimentos, compartilhar solu\u00e7\u00f5es e garantir que a FIA continue a oferecer benef\u00edcios aos usu\u00e1rios das estradas e \u00e0s comunidades do automobilismo em todas as Am\u00e9ricas.\u201d<\/em><\/p>\n\n\n\n<p class=\"wp-block-paragraph\">O Congresso est\u00e1 sendo sediado pelo Autom\u00f3vil Club Argentino, um dos clubes membros mais antigos da FIA, com mais de 122 anos de atua\u00e7\u00e3o no pa\u00eds, desempenhando um papel fundamental no desenvolvimento da mobilidade e do automobilismo na Argentina.<\/p>\n\n\n\n<p class=\"wp-block-paragraph\"><strong>O presidente do Autom\u00f3vil Club Argentino, C\u00e9sar C. Carman, disse:<\/strong>&nbsp;\u201c&nbsp;<em>\u00c9 uma grande honra para o Autom\u00f3vil Club Argentino receber o presidente Milei, o presidente Ben Sulayem e os demais clubes membros da FIA em Buenos Aires.<\/em><\/p>\n\n\n\n<p class=\"wp-block-paragraph\"><em>\u201cA Argentina tem uma profunda liga\u00e7\u00e3o com o autom\u00f3vel e com o automobilismo, e nos orgulhamos do papel que a ACA desempenhou ao longo dessa hist\u00f3ria. Este Congresso nos oferece uma importante oportunidade de olharmos juntos para o futuro, compartilhando ideias e fortalecendo a coopera\u00e7\u00e3o para que possamos continuar a servir os usu\u00e1rios das estradas e a desenvolver o automobilismo tanto aqui na Argentina quanto em toda a Am\u00e9rica.\u201d<\/em><\/p>\n\n\n\n<p class=\"wp-block-paragraph\">De 31 de agosto a 2 de setembro, o Congresso Americano da FIA proporcionar\u00e1 uma plataforma para que os clubes membros da FIA compartilhem conhecimentos e desenvolvam solu\u00e7\u00f5es em torno de algumas das maiores oportunidades e desafios que o automobilismo e a mobilidade enfrentam na regi\u00e3o.<\/p>\n\n\n\n<p class=\"wp-block-paragraph\">As discuss\u00f5es abranger\u00e3o seguran\u00e7a rodovi\u00e1ria, mobilidade sustent\u00e1vel e acess\u00edvel, o desenvolvimento de IA e novas tecnologias automotivas, e as necessidades em constante mudan\u00e7a dos usu\u00e1rios das vias, juntamente com o crescimento cont\u00ednuo e a acessibilidade do automobilismo em toda a regi\u00e3o.<\/p>\n\n\n\n<p class=\"wp-block-paragraph\">A Argentina oferece um cen\u00e1rio perfeito. O automobilismo est\u00e1 profundamente enraizado na cultura do pa\u00eds, desde o pentacampe\u00e3o mundial de F\u00f3rmula 1 da FIA, Juan Manuel Fangio, at\u00e9 o atual piloto de F\u00f3rmula 1, Franco Colapinto, e o pr\u00f3spero cen\u00e1rio de competi\u00e7\u00f5es nacionais em carros de turismo, rali, kart e monopostos.<\/p>\n\n\n\n<p class=\"wp-block-paragraph\">Al\u00e9m de sua tradi\u00e7\u00e3o esportiva, a Argentina \u00e9 um dos mercados de mobilidade mais importantes da Am\u00e9rica Latina, com mais de 15 milh\u00f5es de ve\u00edculos, uma extensa malha rodovi\u00e1ria e uma grande ind\u00fastria automotiva nacional.<\/p>\n\n\n\n<p class=\"wp-block-paragraph\">Ao longo do Congresso, a FIA tamb\u00e9m reconhecer\u00e1 o trabalho de seus Clubes Membros, com o an\u00fancio dos Campe\u00f5es Regionais do Desafio de Inova\u00e7\u00e3o FIA 2026 para as Regi\u00f5es III e IV e do vencedor do Pr\u00eamio Jos\u00e9 Abed.<\/p>\n\n\n\n<p class=\"wp-block-paragraph\">O Congresso Americano \u00e9 o segundo de quatro encontros regionais da FIA que ocorrer\u00e3o em 2026, fazendo parte do trabalho da Federa\u00e7\u00e3o para capacitar seus 246 clubes membros e fortalecer a colabora\u00e7\u00e3o em sua rede global de automobilismo e mobilidade.<\/p>\n\n\n\n<figure class=\"wp-block-image\"><img decoding=\"async\" src=\"https:\/\/www.fia.com\/sites\/default\/files\/styles\/content_details\/public\/dsc06278.jpg?itok=4fFIOIgn\" alt=\"\"\/><\/figure>\n\n\n\n<p class=\"wp-block-paragraph\"><strong>FIM<\/strong><\/p>\n\n\n\n<p class=\"wp-block-paragraph\">Para informa\u00e7\u00f5es \u00e0 imprensa, entre em contato com:<\/p>\n\n\n\n<ul class=\"wp-block-list\">\n<li>Geri Sherwin, Diretora de Comunica\u00e7\u00e3o Presidencial e de Mobilidade:\u00a0gsherwin@fia.com<\/li>\n\n\n\n<li>Joe Kidd, Diretor de Comunica\u00e7\u00f5es da Presid\u00eancia:\u00a0jkidd@fia.com<\/li>\n<\/ul>\n\n\n\n<p class=\"wp-block-paragraph\">A F\u00e9d\u00e9ration Internationale de l&#8217;Automobile (FIA) \u00e9 o \u00f3rg\u00e3o regulador do automobilismo mundial e a federa\u00e7\u00e3o global das organiza\u00e7\u00f5es de mobilidade. \u00c9 uma organiza\u00e7\u00e3o sem fins lucrativos comprometida com a promo\u00e7\u00e3o da inova\u00e7\u00e3o e a defesa da seguran\u00e7a, sustentabilidade e igualdade no automobilismo e na mobilidade.<\/p>\n\n\n\n<p class=\"wp-block-paragraph\">Fundada em 1904, com escrit\u00f3rios em Paris, Londres e Genebra, a FIA re\u00fane 246 organiza\u00e7\u00f5es membros em cinco continentes, representando milh\u00f5es de usu\u00e1rios de vias p\u00fablicas, profissionais do automobilismo e volunt\u00e1rios. Ela desenvolve e aplica regulamentos para o automobilismo, incluindo sete Campeonatos Mundiais da FIA, para garantir que as competi\u00e7\u00f5es em todo o mundo sejam seguras e justas para todos.<\/p>\n\n\n\n<p class=\"wp-block-paragraph\"><\/p>\n\n\n\n<p class=\"wp-block-paragraph\">Fonte: FIA News<\/p>\n","protected":false},"excerpt":{"rendered":"<p>O Presidente da Argentina, Javier Milei, e o Presidente da FIA, Sua Excel\u00eancia Mohammed Ben Sulayem, inauguraram oficialmente o Congresso Americano da FIA de 2026 em Buenos Aires, reunindo clubes&hellip;<\/p>\n","protected":false},"author":4,"featured_media":9717,"comment_status":"closed","ping_status":"open","sticky":false,"template":"","format":"standard","meta":{"_lmt_disableupdate":"","_lmt_disable":"","footnotes":"","jetpack_publicize_message":"","jetpack_publicize_feature_enabled":true,"jetpack_social_post_already_shared":true,"jetpack_social_options":{"image_generator_settings":{"template":"highway","default_image_id":0,"font":"","enabled":false},"version":2}},"categories":[39],"tags":[60],"class_list":["post-9716","post","type-post","status-publish","format-standard","has-post-thumbnail","hentry","category-fia","tag-fia"],"jetpack_publicize_connections":[],"_links":{"self":[{"href":"https:\/\/aovolante.tv.br\/index.php?rest_route=\/wp\/v2\/posts\/9716","targetHints":{"allow":["GET"]}}],"collection":[{"href":"https:\/\/aovolante.tv.br\/index.php?rest_route=\/wp\/v2\/posts"}],"about":[{"href":"https:\/\/aovolante.tv.br\/index.php?rest_route=\/wp\/v2\/types\/post"}],"author":[{"embeddable":true,"href":"https:\/\/aovolante.tv.br\/index.php?rest_route=\/wp\/v2\/users\/4"}],"replies":[{"embeddable":true,"href":"https:\/\/aovolante.tv.br\/index.php?rest_route=%2Fwp%2Fv2%2Fcomments&post=9716"}],"version-history":[{"count":1,"href":"https:\/\/aovolante.tv.br\/index.php?rest_route=\/wp\/v2\/posts\/9716\/revisions"}],"predecessor-version":[{"id":9718,"href":"https:\/\/aovolante.tv.br\/index.php?rest_route=\/wp\/v2\/posts\/9716\/revisions\/9718"}],"wp:featuredmedia":[{"embeddable":true,"href":"https:\/\/aovolante.tv.br\/index.php?rest_route=\/wp\/v2\/media\/9717"}],"wp:attachment":[{"href":"https:\/\/aovolante.tv.br\/index.php?rest_route=%2Fwp%2Fv2%2Fmedia&parent=9716"}],"wp:term":[{"taxonomy":"category","embeddable":true,"href":"https:\/\/aovolante.tv.br\/index.php?rest_route=%2Fwp%2Fv2%2Fcategories&post=9716"},{"taxonomy":"post_tag","embeddable":true,"href":"https:\/\/aovolante.tv.br\/index.php?rest_route=%2Fwp%2Fv2%2Ftags&post=9716"}],"curies":[{"name":"wp","href":"https:\/\/api.w.org\/{rel}","templated":true}]}}