{"id":9696,"date":"2026-09-01T12:30:22","date_gmt":"2026-09-01T15:30:22","guid":{"rendered":"https:\/\/aovolante.tv.br\/?p=9696"},"modified":"2026-09-01T12:30:24","modified_gmt":"2026-09-01T15:30:24","slug":"palou-conquista-seu-quarto-titulo-consecutivo-na-indycar-em-milwaukee","status":"publish","type":"post","link":"https:\/\/aovolante.tv.br\/?p=9696","title":{"rendered":"Palou conquista seu quarto t\u00edtulo consecutivo na IndyCar em Milwaukee"},"content":{"rendered":"<div class=\"wp-block-image\">\n<figure class=\"aligncenter size-full\"><img fetchpriority=\"high\" decoding=\"async\" width=\"1000\" height=\"667\" src=\"https:\/\/aovolante.tv.br\/wp-content\/uploads\/2026\/09\/image-5.png\" alt=\"\" class=\"wp-image-9697\" srcset=\"https:\/\/aovolante.tv.br\/wp-content\/uploads\/2026\/09\/image-5.png 1000w, https:\/\/aovolante.tv.br\/wp-content\/uploads\/2026\/09\/image-5-300x200.png 300w, https:\/\/aovolante.tv.br\/wp-content\/uploads\/2026\/09\/image-5-150x100.png 150w, https:\/\/aovolante.tv.br\/wp-content\/uploads\/2026\/09\/image-5-768x512.png 768w, https:\/\/aovolante.tv.br\/wp-content\/uploads\/2026\/09\/image-5-585x390-1.png 585w, https:\/\/aovolante.tv.br\/wp-content\/uploads\/2026\/09\/image-5-263x175.png 263w\" sizes=\"(max-width: 1000px) 100vw, 1000px\" \/><\/figure>\n<\/div>\n\n\n<p class=\"wp-block-paragraph\"><\/p>\n\n\n\n<p class=\"wp-block-paragraph\"><\/p>\n\n\n\n<p class=\"wp-block-paragraph\">Ele chegou a Milwaukee como &#8220;Quattro&#8221;, o tetracampe\u00e3o reinante da IndyCar com uma sequ\u00eancia not\u00e1vel de tr\u00eas t\u00edtulos consecutivos, e deixou o circuito de Milwaukee na noite de domingo como &#8220;Cinco&#8221;, o mais novo pentacampe\u00e3o, com uma sequ\u00eancia que agora se estende a quatro t\u00edtulos consecutivos e cinco em um per\u00edodo de seis anos.<\/p>\n\n\n\n<p class=\"wp-block-paragraph\">Sua ascens\u00e3o ao posto de pentacampe\u00e3o quebrou o empate com S\u00e9bastien Bourdais, o \u00faltimo piloto da IndyCar a conquistar quatro t\u00edtulos consecutivos, de 2004 a 2007, e com seu treinador na Chip Ganassi Racing, Dario Franchitti, que conquistou seu t\u00edtulo com a Andretti em 2007 e acumulou tr\u00eas campeonatos consecutivos para a Ganassi, de 2009 a 2011, bem como com o GOAT (Greatest of All Time &#8211; Maior de Todos os Tempos), Mario Andretti, cujos quatro triunfos ocorreram entre 1965 e 1984.<\/p>\n\n\n\n<p class=\"wp-block-paragraph\">Com seis vit\u00f3rias e oito poles em 17 corridas, a temporada de 2026 ser\u00e1 lembrada como mais uma atua\u00e7\u00e3o arrasadora do espanhol, que tem o dobro de vit\u00f3rias e quatro vezes mais poles que seu rival mais pr\u00f3ximo. E sua corrida favorita, no WeatherTech Raceway Laguna Seca, no pr\u00f3ximo domingo, pode aumentar ainda mais seu n\u00famero incompar\u00e1vel de vit\u00f3rias.<\/p>\n\n\n\n<p class=\"wp-block-paragraph\">\u201cQuando olho para esse cara aqui do meu lado, cinco campeonatos em seis anos, a equipe j\u00e1 tem 18, ultrapassei meu amigo Roger [Penske]\u201d, disse Chip Ganassi, dono da equipe de Palou. \u201cMas a verdade \u00e9 que eu n\u00e3o estaria aqui sem ele. Se n\u00e3o fosse por Roger ter estabelecido o padr\u00e3o, n\u00e3o haveria um padr\u00e3o a ser superado ou almejado.\u201d<\/p>\n\n\n\n<p class=\"wp-block-paragraph\">\u201cIsso j\u00e1 foi dito antes, mas estamos vivenciando um momento geracional, um divisor de \u00e1guas entre gera\u00e7\u00f5es. Quatro t\u00edtulos consecutivos j\u00e1 aconteceram antes, mas cinco em seis nunca aconteceu. Isso \u00e9 algo sem precedentes. Estamos passando por isso agora. Ainda n\u00e3o acabou.\u201d<\/p>\n\n\n\n<p class=\"wp-block-paragraph\">Apesar de todo o seu imenso sucesso, Palou tem dificuldade em assimilar a boa sorte que lhe foi concedida desde que se juntou \u00e0 equipe durante a pr\u00e9-temporada de 2020.<\/p>\n\n\n\n<p class=\"wp-block-paragraph\">\u201cEm primeiro lugar, nunca imaginei que seria piloto da IndyCar\u201d, disse Palou. \u201cNunca pensei que conseguiria. Nunca pensei que teria a chance de ser um piloto profissional de carros de corrida. Esse era o meu sonho. Quando tive a oportunidade de ser piloto da IndyCar, isso j\u00e1 foi uma grande conquista para mim. Eu estava vivendo um sonho.\u201d<\/p>\n\n\n\n<p class=\"wp-block-paragraph\">&#8220;Lembro-me tamb\u00e9m de Chip me dando a oportunidade de pilotar por uma equipe campe\u00e3 naquele momento. Eles tinham acabado de vencer em 2020 com Scott. Foi incr\u00edvel. Desde ent\u00e3o, sinto que estou nas nuvens, tudo tem sido maravilhoso para mim. Tenho o Chip e todos na CGR, eles me d\u00e3o todas as ferramentas. Tenho pessoas ao meu redor que cuidam muito bem de mim e me fazem parecer muito bem na pista. \u00c9 simplesmente muito divertido.&#8221;<\/p>\n\n\n\n<p class=\"wp-block-paragraph\">\u201cN\u00e3o sei quanto tempo isso vai durar. Um ano, 10 anos, 15, cinco anos. N\u00e3o sei por quanto tempo conseguiremos ficar no topo. Mas estou aproveitando cada dia com esta equipe, com este carro.\u201d<\/p>\n","protected":false},"excerpt":{"rendered":"<p>Ele chegou a Milwaukee como &#8220;Quattro&#8221;, o tetracampe\u00e3o reinante da IndyCar com uma sequ\u00eancia not\u00e1vel de tr\u00eas t\u00edtulos consecutivos, e deixou o circuito de Milwaukee na noite de domingo como&hellip;<\/p>\n","protected":false},"author":2,"featured_media":9697,"comment_status":"closed","ping_status":"open","sticky":false,"template":"","format":"standard","meta":{"_lmt_disableupdate":"","_lmt_disable":"","footnotes":"","jetpack_publicize_message":"","jetpack_publicize_feature_enabled":true,"jetpack_social_post_already_shared":true,"jetpack_social_options":{"image_generator_settings":{"template":"highway","default_image_id":0,"font":"","enabled":false},"version":2}},"categories":[28,26],"tags":[54],"class_list":["post-9696","post","type-post","status-publish","format-standard","has-post-thumbnail","hentry","category-indy","category-nas-pistas","tag-indycar-2"],"jetpack_publicize_connections":[],"_links":{"self":[{"href":"https:\/\/aovolante.tv.br\/index.php?rest_route=\/wp\/v2\/posts\/9696","targetHints":{"allow":["GET"]}}],"collection":[{"href":"https:\/\/aovolante.tv.br\/index.php?rest_route=\/wp\/v2\/posts"}],"about":[{"href":"https:\/\/aovolante.tv.br\/index.php?rest_route=\/wp\/v2\/types\/post"}],"author":[{"embeddable":true,"href":"https:\/\/aovolante.tv.br\/index.php?rest_route=\/wp\/v2\/users\/2"}],"replies":[{"embeddable":true,"href":"https:\/\/aovolante.tv.br\/index.php?rest_route=%2Fwp%2Fv2%2Fcomments&post=9696"}],"version-history":[{"count":1,"href":"https:\/\/aovolante.tv.br\/index.php?rest_route=\/wp\/v2\/posts\/9696\/revisions"}],"predecessor-version":[{"id":9698,"href":"https:\/\/aovolante.tv.br\/index.php?rest_route=\/wp\/v2\/posts\/9696\/revisions\/9698"}],"wp:featuredmedia":[{"embeddable":true,"href":"https:\/\/aovolante.tv.br\/index.php?rest_route=\/wp\/v2\/media\/9697"}],"wp:attachment":[{"href":"https:\/\/aovolante.tv.br\/index.php?rest_route=%2Fwp%2Fv2%2Fmedia&parent=9696"}],"wp:term":[{"taxonomy":"category","embeddable":true,"href":"https:\/\/aovolante.tv.br\/index.php?rest_route=%2Fwp%2Fv2%2Fcategories&post=9696"},{"taxonomy":"post_tag","embeddable":true,"href":"https:\/\/aovolante.tv.br\/index.php?rest_route=%2Fwp%2Fv2%2Ftags&post=9696"}],"curies":[{"name":"wp","href":"https:\/\/api.w.org\/{rel}","templated":true}]}}