{"id":9689,"date":"2026-09-01T12:26:12","date_gmt":"2026-09-01T15:26:12","guid":{"rendered":"https:\/\/aovolante.tv.br\/?p=9689"},"modified":"2026-09-01T12:26:14","modified_gmt":"2026-09-01T15:26:14","slug":"lundgaard-conquista-vitoria-importante-no-oval-com-podio-em-milwaukee","status":"publish","type":"post","link":"https:\/\/aovolante.tv.br\/?p=9689","title":{"rendered":"Lundgaard conquista vit\u00f3ria importante no oval com p\u00f3dio em Milwaukee"},"content":{"rendered":"<div class=\"wp-block-image\">\n<figure class=\"aligncenter size-full\"><img fetchpriority=\"high\" decoding=\"async\" width=\"1080\" height=\"720\" src=\"https:\/\/aovolante.tv.br\/wp-content\/uploads\/2026\/09\/image.png\" alt=\"\" class=\"wp-image-9690\" srcset=\"https:\/\/aovolante.tv.br\/wp-content\/uploads\/2026\/09\/image.png 1080w, https:\/\/aovolante.tv.br\/wp-content\/uploads\/2026\/09\/image-768x512.png 768w, https:\/\/aovolante.tv.br\/wp-content\/uploads\/2026\/09\/image-300x200.png 300w, https:\/\/aovolante.tv.br\/wp-content\/uploads\/2026\/09\/image-150x100.png 150w, https:\/\/aovolante.tv.br\/wp-content\/uploads\/2026\/09\/image-1024x683.png 1024w, https:\/\/aovolante.tv.br\/wp-content\/uploads\/2026\/09\/image-585x390-1.png 585w, https:\/\/aovolante.tv.br\/wp-content\/uploads\/2026\/09\/image-263x175.png 263w\" sizes=\"(max-width: 1080px) 100vw, 1080px\" \/><\/figure>\n<\/div>\n\n\n<p class=\"wp-block-paragraph\"><\/p>\n\n\n\n<p class=\"wp-block-paragraph\">A atua\u00e7\u00e3o mais impressionante de Christian Lundgaard em ovais aconteceu no ano passado, no Milwaukee Mile, onde ele levou o Chevrolet n\u00ba 7 ao sexto lugar. Com mais um ano de experi\u00eancia, o piloto da Arrow McLaren, que est\u00e1 de sa\u00edda da equipe, estabeleceu um novo recorde pessoal com o terceiro lugar na Corrida 2 deste domingo, no oval de uma milha.<\/p>\n\n\n\n<p class=\"wp-block-paragraph\">&#8220;Sinto que o carro tem estado muito bom desde a qualifica\u00e7\u00e3o&#8221;, disse Lundgaard. &#8220;Fizemos algumas altera\u00e7\u00f5es para esta corrida. Obviamente, a primeira metade da Corrida 1 foi boa. Sa\u00edmos de s\u00e9timo para terceiro. Tivemos alguns erros nas paradas nos boxes e no pit lane hoje, o que foi muito infeliz. Os caras t\u00eam sido incr\u00edveis o ano todo. Acho que isso s\u00f3 prova o qu\u00e3o bem estivemos hoje, ainda conseguindo um p\u00f3dio.&#8221;<\/p>\n\n\n\n<p class=\"wp-block-paragraph\">Lundgaard ainda tem mais duas corridas pela frente \u2013 a continua\u00e7\u00e3o da Corrida 1, adiada para s\u00e1bado devido \u00e0 chuva \u2013 antes de se despedir da equipe. Ele v\u00ea uma oportunidade de repetir o bom desempenho.<\/p>\n\n\n\n<p class=\"wp-block-paragraph\">&#8220;\u00c9 uma corrida longa&#8221;, disse ele sobre as 160 voltas restantes. &#8220;Vai ser um pouco mais curta esta tarde, mas estou feliz por estarmos l\u00e1. Estamos marcando pontos para os pilotos que precisamos e conquistando medalhas ao mesmo tempo.&#8221;<\/p>\n\n\n\n<p class=\"wp-block-paragraph\"><\/p>\n","protected":false},"excerpt":{"rendered":"<p>A atua\u00e7\u00e3o mais impressionante de Christian Lundgaard em ovais aconteceu no ano passado, no Milwaukee Mile, onde ele levou o Chevrolet n\u00ba 7 ao sexto lugar. Com mais um ano&hellip;<\/p>\n","protected":false},"author":2,"featured_media":9690,"comment_status":"closed","ping_status":"open","sticky":false,"template":"","format":"standard","meta":{"_lmt_disableupdate":"","_lmt_disable":"","footnotes":"","jetpack_publicize_message":"","jetpack_publicize_feature_enabled":true,"jetpack_social_post_already_shared":true,"jetpack_social_options":{"image_generator_settings":{"template":"highway","default_image_id":0,"font":"","enabled":false},"version":2}},"categories":[28,26],"tags":[54],"class_list":["post-9689","post","type-post","status-publish","format-standard","has-post-thumbnail","hentry","category-indy","category-nas-pistas","tag-indycar-2"],"jetpack_publicize_connections":[],"_links":{"self":[{"href":"https:\/\/aovolante.tv.br\/index.php?rest_route=\/wp\/v2\/posts\/9689","targetHints":{"allow":["GET"]}}],"collection":[{"href":"https:\/\/aovolante.tv.br\/index.php?rest_route=\/wp\/v2\/posts"}],"about":[{"href":"https:\/\/aovolante.tv.br\/index.php?rest_route=\/wp\/v2\/types\/post"}],"author":[{"embeddable":true,"href":"https:\/\/aovolante.tv.br\/index.php?rest_route=\/wp\/v2\/users\/2"}],"replies":[{"embeddable":true,"href":"https:\/\/aovolante.tv.br\/index.php?rest_route=%2Fwp%2Fv2%2Fcomments&post=9689"}],"version-history":[{"count":1,"href":"https:\/\/aovolante.tv.br\/index.php?rest_route=\/wp\/v2\/posts\/9689\/revisions"}],"predecessor-version":[{"id":9691,"href":"https:\/\/aovolante.tv.br\/index.php?rest_route=\/wp\/v2\/posts\/9689\/revisions\/9691"}],"wp:featuredmedia":[{"embeddable":true,"href":"https:\/\/aovolante.tv.br\/index.php?rest_route=\/wp\/v2\/media\/9690"}],"wp:attachment":[{"href":"https:\/\/aovolante.tv.br\/index.php?rest_route=%2Fwp%2Fv2%2Fmedia&parent=9689"}],"wp:term":[{"taxonomy":"category","embeddable":true,"href":"https:\/\/aovolante.tv.br\/index.php?rest_route=%2Fwp%2Fv2%2Fcategories&post=9689"},{"taxonomy":"post_tag","embeddable":true,"href":"https:\/\/aovolante.tv.br\/index.php?rest_route=%2Fwp%2Fv2%2Ftags&post=9689"}],"curies":[{"name":"wp","href":"https:\/\/api.w.org\/{rel}","templated":true}]}}