{"id":9686,"date":"2026-08-31T18:06:30","date_gmt":"2026-08-31T21:06:30","guid":{"rendered":"https:\/\/aovolante.tv.br\/?p=9686"},"modified":"2026-08-31T18:06:32","modified_gmt":"2026-08-31T21:06:32","slug":"lando-norris-e-mclaren-uma-aposta-mutua","status":"publish","type":"post","link":"https:\/\/aovolante.tv.br\/?p=9686","title":{"rendered":"Lando Norris e McLaren: uma aposta m\u00fatua"},"content":{"rendered":"\n<h2 class=\"wp-block-heading\">Norris e McLaren ficam juntos at\u00e9 2030. Uma aposta para que ambos cres\u00e7am<\/h2>\n\n\n\n<p class=\"wp-block-paragraph\"><strong>por Sergio Milani<\/strong><br><a href=\"https:\/\/sergiomilani.substack.com\/\" target=\"_blank\" rel=\"noreferrer noopener\" data-penci-link=\"external\">Subscreva gratuitamente para receber novos posts e apoiar o meu trabalho.<\/a><\/p>\n\n\n<div class=\"wp-block-image\">\n<figure class=\"aligncenter size-full\"><img fetchpriority=\"high\" decoding=\"async\" width=\"1456\" height=\"819\" src=\"https:\/\/aovolante.tv.br\/wp-content\/uploads\/2026\/08\/image-142.png\" alt=\"\" class=\"wp-image-9687\" srcset=\"https:\/\/aovolante.tv.br\/wp-content\/uploads\/2026\/08\/image-142.png 1456w, https:\/\/aovolante.tv.br\/wp-content\/uploads\/2026\/08\/image-142-150x84.png 150w, https:\/\/aovolante.tv.br\/wp-content\/uploads\/2026\/08\/image-142-300x169.png 300w, https:\/\/aovolante.tv.br\/wp-content\/uploads\/2026\/08\/image-142-768x432.png 768w, https:\/\/aovolante.tv.br\/wp-content\/uploads\/2026\/08\/image-142-1024x576.png 1024w, https:\/\/aovolante.tv.br\/wp-content\/uploads\/2026\/08\/image-142-1170x658.png 1170w, https:\/\/aovolante.tv.br\/wp-content\/uploads\/2026\/08\/image-142-585x329.png 585w\" sizes=\"(max-width: 1456px) 100vw, 1456px\" \/><\/figure>\n<\/div>\n\n\n<p class=\"wp-block-paragraph\"><\/p>\n\n\n\n<p class=\"wp-block-paragraph\">Tempos atr\u00e1s, Zak Brown, o todo-poderoso da McLaren Racing, declarou que estava feliz com sua dupla de pilotos e que poder\u00edamos estar diante de uma \u201cEra Norris\u201d na F1, principalmente ap\u00f3s a conquista do t\u00edtulo do campeonato de pilotos em 2025. Pode ter soado um exagero de um chefe de equipe orgulhoso, mas \u00e9 uma prova de confian\u00e7a em seu pupilo.<\/p>\n\n\n\n<p class=\"wp-block-paragraph\">Obrigado por ler Scuderia Milani &#8211; por Sergio Milani! Subscreva gratuitamente para receber novos posts e apoiar o meu trabalho.Subscrever<\/p>\n\n\n\n<p class=\"wp-block-paragraph\">Salvo o exagero certas vezes da imprensa brit\u00e2nica, que joga mais lantejoulas sobre os seus (o que n\u00e3o deixa de ser algo inesperado, embora muitas vezes em uns dois os tr\u00eas n\u00edveis acima do aceit\u00e1vel), Lando Norris \u00e9 sim um piloto muito bom. Talvez n\u00e3o seja um daqueles \u201cfora de classe\u201d, mas entrega performance em alto n\u00edvel.<\/p>\n\n\n\n<p class=\"wp-block-paragraph\">Essa excel\u00eancia de Norris foi confirmada por Felipe Nasr. Em participa\u00e7\u00e3o em um podcast, Nasr revelou que serviu como preparador do piloto na prepara\u00e7\u00e3o para a F2 e percebeu ali que tinha algo mais do que um jovem piloto endinheirado tentando construir uma carreira no automobilismo.<\/p>\n\n\n\n<p class=\"wp-block-paragraph\">Sim! Temos que lembrar que Lando Norris veio de uma fam\u00edlia de \u201cnovos-ricos\u201d: seu pai, Adam, trabalhava na Hargreaves Lansdown, um fundo de pens\u00e3o. Ele convenceu a empresa a adotar um modelo mais agressivo de neg\u00f3cios, o que levou a uma multiplica\u00e7\u00e3o de ganhos na carteira do fundo e do pr\u00f3prio Adam, que posteriormente montou sua pr\u00f3pria empresa, a Horatio Investiments. At\u00e9 falei um pouco sobre isso l\u00e1 em 2020 quando colaborei com o F1 Mania, sobre\u00a0Norris ser o Stroll que adoramos.<\/p>\n\n\n\n<h3 class=\"wp-block-heading\">A liga\u00e7\u00e3o Brown &#8211; Norris<\/h3>\n\n\n\n<figure class=\"wp-block-image is-resized\"><a class=\"image-link image2 is-viewable-img can-restack\" href=\"https:\/\/substackcdn.com\/image\/fetch\/$s_!6rHd!,f_auto,q_auto:good,fl_progressive:steep\/https%3A%2F%2Fsubstack-post-media.s3.amazonaws.com%2Fpublic%2Fimages%2Fedea1757-2258-42f0-8d46-55d381808abc_881x495.jpeg\" data-rel=\"penci-gallery-image-content\" target=\"_blank\" rel=\"noopener\" data-penci-link=\"external\"><img decoding=\"async\" src=\"https:\/\/substackcdn.com\/image\/fetch\/$s_!6rHd!,w_1456,c_limit,f_auto,q_auto:good,fl_progressive:steep\/https%3A%2F%2Fsubstack-post-media.s3.amazonaws.com%2Fpublic%2Fimages%2Fedea1757-2258-42f0-8d46-55d381808abc_881x495.jpeg\" alt=\"\" style=\"aspect-ratio:1.7797979797979797;width:881px;height:auto\"\/><\/a><\/figure>\n\n\n\n<p class=\"wp-block-paragraph\">Lando Norris era um nome que vinha se consolidando no cen\u00e1rio das categorias de base. Chegou \u00e0 McLaren gra\u00e7as a uma premia\u00e7\u00e3o da Autosport e BRDC como revela\u00e7\u00e3o do ano em 2016. E Zak Brown percebeu ali uma boa combina\u00e7\u00e3o: um piloto promissor e de bolsos cheios.<\/p>\n\n\n\n<p class=\"wp-block-paragraph\">N\u00e3o podemos esquecer que naquele momento a McLaren vinha em um processo de esvaziamento acelerado aos olhos de todos e com Ron Dennis saindo pela porta dos fundos. Um nome como Norris ao seu lado poderia significar naquele momento uma promessa de renascimento, tanto esportivo como financeiro.<\/p>\n\n\n\n<p class=\"wp-block-paragraph\">Inicialmente, Norris chegou como piloto de testes e de simulador, enquanto ia em paralelo fazendo F2 (sendo vice-campe\u00e3o em 2018, tendo como companheiro Sergio Sette Camara na Carlin)e at\u00e9 competindo nas 24 Horas de Daytona (na United, time de Zak Brown, com Fernando Alonso ao seu lado). Em 2019, com 19 anos, se tornou titular na McLaren, tendo Carlos Sainz Jr como companheiro.<\/p>\n\n\n\n<p class=\"wp-block-paragraph\">Uma das bases da reconstru\u00e7\u00e3o da McLaren foi Lando Norris. Em 2020, quando o time sofreu muito financeiramente por conta da COVID-19, a empresa do pai de Lando foi importante para apoiar o acordo do time para ter os motores Mercedes para 2021. Tanto que este movimento at\u00e9 motivou muitos rumores que motivaria uma posterior ida de Lando para a equipe de f\u00e1brica\u2026<\/p>\n\n\n\n<p class=\"wp-block-paragraph\">Ambos foram se retroalimentando e chegaram ao ponto que vemos hoje: uma McLaren rejuvenecida e lucrativa e um Norris campe\u00e3o do mundo. Por este motivo mesmo que Norris e Brown s\u00e3o quase uma coisa s\u00f3: Norris foi o campe\u00e3o alimentado por Brown. Brown deu o caminho para que Lando crescesse. Hoje, \u00e9 praticamente imposs\u00edvel ver este la\u00e7o sendo rompido.<\/p>\n\n\n\n<p class=\"wp-block-paragraph\">A renova\u00e7\u00e3o por si era algo que vinha sendo desenhado. Caso o acordo seja cumprido at\u00e9 o final (2030), o casamento Norris\/McLaren ter\u00e1 simplesmente 14 anos de dura\u00e7\u00e3o. \u00c9 mais um exemplo de liga\u00e7\u00e3o de longo prazo na F1. Com as equipes confort\u00e1veis financeiramente &#8211; principalmente as de ponta &#8211; \u00e9 mais f\u00e1cil construir rela\u00e7\u00f5es de longo prazo. No caso de Norris, sair da McLaren seria vi\u00e1vel? Ainda mais em um momento em que o time recuperou um lugar no pelot\u00e3o da frente e tem uma posi\u00e7\u00e3o financeira bem diferente de anos atr\u00e1s\u2026<\/p>\n\n\n\n<p class=\"wp-block-paragraph\">Uma \u00f3tima situa\u00e7\u00e3o t\u00e9cnica e um belo sal\u00e1rio. Norris fez da McLaren a sua casa. Uma \u201cEra Norris\u201d n\u00e3o parece ser prov\u00e1vel. Mas que uma combina\u00e7\u00e3o hist\u00f3rica est\u00e1 em constru\u00e7\u00e3o, \u00e9 ineg\u00e1vel. Norris deu um belo propagandista para Brown e este deu um time ao seu redor.<\/p>\n\n\n\n<p class=\"wp-block-paragraph\"><\/p>\n\n\n\n<p class=\"wp-block-paragraph\"><strong>por Sergio Milani<\/strong><br><a href=\"https:\/\/sergiomilani.substack.com\/\" target=\"_blank\" rel=\"noreferrer noopener\" data-penci-link=\"external\">Subscreva gratuitamente para receber novos posts e apoiar o meu trabalho.<\/a><\/p>\n","protected":false},"excerpt":{"rendered":"<p>Norris e McLaren ficam juntos at\u00e9 2030. Uma aposta para que ambos cres\u00e7am por Sergio MilaniSubscreva gratuitamente para receber novos posts e apoiar o meu trabalho. Tempos atr\u00e1s, Zak Brown,&hellip;<\/p>\n","protected":false},"author":40,"featured_media":9687,"comment_status":"closed","ping_status":"open","sticky":false,"template":"","format":"standard","meta":{"_lmt_disableupdate":"","_lmt_disable":"","footnotes":"","jetpack_publicize_message":"","jetpack_publicize_feature_enabled":true,"jetpack_social_post_already_shared":true,"jetpack_social_options":{"image_generator_settings":{"template":"highway","default_image_id":0,"font":"","enabled":false},"version":2}},"categories":[72,105],"tags":[87],"class_list":["post-9686","post","type-post","status-publish","format-standard","has-post-thumbnail","hentry","category-colunista","category-sergio-milani","tag-sergio-milani"],"jetpack_publicize_connections":[],"_links":{"self":[{"href":"https:\/\/aovolante.tv.br\/index.php?rest_route=\/wp\/v2\/posts\/9686","targetHints":{"allow":["GET"]}}],"collection":[{"href":"https:\/\/aovolante.tv.br\/index.php?rest_route=\/wp\/v2\/posts"}],"about":[{"href":"https:\/\/aovolante.tv.br\/index.php?rest_route=\/wp\/v2\/types\/post"}],"author":[{"embeddable":true,"href":"https:\/\/aovolante.tv.br\/index.php?rest_route=\/wp\/v2\/users\/40"}],"replies":[{"embeddable":true,"href":"https:\/\/aovolante.tv.br\/index.php?rest_route=%2Fwp%2Fv2%2Fcomments&post=9686"}],"version-history":[{"count":1,"href":"https:\/\/aovolante.tv.br\/index.php?rest_route=\/wp\/v2\/posts\/9686\/revisions"}],"predecessor-version":[{"id":9688,"href":"https:\/\/aovolante.tv.br\/index.php?rest_route=\/wp\/v2\/posts\/9686\/revisions\/9688"}],"wp:featuredmedia":[{"embeddable":true,"href":"https:\/\/aovolante.tv.br\/index.php?rest_route=\/wp\/v2\/media\/9687"}],"wp:attachment":[{"href":"https:\/\/aovolante.tv.br\/index.php?rest_route=%2Fwp%2Fv2%2Fmedia&parent=9686"}],"wp:term":[{"taxonomy":"category","embeddable":true,"href":"https:\/\/aovolante.tv.br\/index.php?rest_route=%2Fwp%2Fv2%2Fcategories&post=9686"},{"taxonomy":"post_tag","embeddable":true,"href":"https:\/\/aovolante.tv.br\/index.php?rest_route=%2Fwp%2Fv2%2Ftags&post=9686"}],"curies":[{"name":"wp","href":"https:\/\/api.w.org\/{rel}","templated":true}]}}