{"id":9548,"date":"2026-09-02T08:00:00","date_gmt":"2026-09-02T11:00:00","guid":{"rendered":"https:\/\/aovolante.tv.br\/?p=9548"},"modified":"2026-08-20T00:09:46","modified_gmt":"2026-08-20T03:09:46","slug":"leapmotor-lanca-adaptador-v2l","status":"publish","type":"post","link":"https:\/\/aovolante.tv.br\/?p=9548","title":{"rendered":"Leapmotor lan\u00e7a adaptador V2L"},"content":{"rendered":"<div class=\"wp-block-image\">\n<figure class=\"aligncenter size-full\"><img fetchpriority=\"high\" decoding=\"async\" width=\"480\" height=\"316\" src=\"https:\/\/aovolante.tv.br\/wp-content\/uploads\/2026\/08\/image-83.png\" alt=\"\" class=\"wp-image-9549\" srcset=\"https:\/\/aovolante.tv.br\/wp-content\/uploads\/2026\/08\/image-83.png 480w, https:\/\/aovolante.tv.br\/wp-content\/uploads\/2026\/08\/image-83-768x505.png 768w, https:\/\/aovolante.tv.br\/wp-content\/uploads\/2026\/08\/image-83-1920x1264.png 1920w\" sizes=\"(max-width: 480px) 100vw, 480px\" \/><\/figure>\n<\/div>\n\n\n<p class=\"wp-block-paragraph\"><\/p>\n\n\n\n<p class=\"wp-block-paragraph\">A Leapmotor celebra o lan\u00e7amento comercial do novo Adaptador V2L (Vehicle-to-Load). Dispon\u00edvel nas concession\u00e1rias Leapmotor de todo o Brasil, o acess\u00f3rio transforma qualquer modelo da marca em uma fonte port\u00e1til de energia, ampliando as possibilidades de uso da bateria em atividades cotidianas, viagens, momentos de lazer e situa\u00e7\u00f5es emergenciais.&nbsp;<\/p>\n\n\n\n<p class=\"wp-block-paragraph\">A tecnologia V2L permite utilizar a energia armazenada na bateria do Leapmotor para alimentar dispositivos externos. Dessa forma, o cliente pode conectar celulares, notebooks, modems Wi-Fi, projetores de imagem, equipamentos de som, fog\u00e3o el\u00e9trico, sistemas de ilumina\u00e7\u00e3o port\u00e1til e outros equipamentos el\u00e9tricos diretamente ao ve\u00edculo. A solu\u00e7\u00e3o proporciona mais liberdade para trabalhar remotamente, realizar atividades fora de casa, aproveitar viagens e acampamentos ou manter itens essenciais em funcionamento durante uma queda pontual de energia.&nbsp;<\/p>\n\n\n\n<p class=\"wp-block-paragraph\">Com larga experi\u00eancia no desenvolvimento de acess\u00f3rios no Brasil, a Mopar trabalha continuamente em conjunto com as equipes de engenharia da Stellantis e da Leapmotor na Am\u00e9rica do Sul para oferecer solu\u00e7\u00f5es alinhadas \u00e0s necessidades dos clientes. O novo Adaptador V2L \u00e9 resultado dessa atua\u00e7\u00e3o e chega como um acess\u00f3rio indispens\u00e1vel para quem deseja transformar o ve\u00edculo em uma verdadeira usina de energia port\u00e1til, com a seguran\u00e7a, a qualidade e a confiabilidade dos produtos originais Mopar.&nbsp;<\/p>\n\n\n\n<p class=\"wp-block-paragraph\"><strong>Funcionamento simples e autom\u00e1tico&nbsp;<\/strong><\/p>\n\n\n\n<p class=\"wp-block-paragraph\">O uso do Adaptador V2L foi desenvolvido para ser pr\u00e1tico. Primeiro, o cliente conecta o acess\u00f3rio \u00e0 interface de energia do ve\u00edculo. Em seguida, liga o equipamento el\u00e9trico compat\u00edvel \u00e0 tomada dispon\u00edvel no adaptador. A funcionalidade V2L \u00e9 ativada automaticamente e o ve\u00edculo passa a fornecer energia, sempre dentro dos limites t\u00e9cnicos do sistema.&nbsp;<\/p>\n\n\n\n<p class=\"wp-block-paragraph\">A bateria pode ser utilizada por meio do V2L at\u00e9 atingir 20% de carga ou em um n\u00edvel pr\u00e9-definido pelo cliente por meio da central multim\u00eddia do carro. Ao chegar a esse n\u00edvel, a funcionalidade \u00e9 desabilitada automaticamente como parte da estrat\u00e9gia de prote\u00e7\u00e3o do ve\u00edculo, preservando a bateria e os demais componentes. O sistema tamb\u00e9m conta com limites de tempo, consumo e descarga, podendo interromper o fornecimento caso identifique alguma condi\u00e7\u00e3o fora dos par\u00e2metros previstos.&nbsp;<\/p>\n\n\n\n<p class=\"wp-block-paragraph\">Compat\u00edvel com toda a gama de modelos Leapmotor, incluindo os Ultra-H\u00edbridos com tecnologia REEV, o Adaptador V2L refor\u00e7a a versatilidade dos ve\u00edculos da marca ao permitir que a energia armazenada na bateria seja utilizada para al\u00e9m da mobilidade, ampliando as possibilidades de uso em diferentes momentos da rotina.&nbsp;<\/p>\n\n\n\n<p class=\"wp-block-paragraph\">A funcionalidade V2L fornece tens\u00e3o de 230 V em corrente alternada monof\u00e1sica, com frequ\u00eancia de 50 a 60 Hz. Para equipamentos que funcionam exclusivamente em 110V, \u00e9 necess\u00e1rio utilizar um transformador adequado e dimensionado para a pot\u00eancia do aparelho.&nbsp;<\/p>\n\n\n\n<p class=\"wp-block-paragraph\">A energia oferecida pelo ve\u00edculo pode ser de at\u00e9 3.300 W e 15 A, suficiente para alimentar at\u00e9 itens de consumo energ\u00e9tico como uma geladeira ou um secador de cabelo dom\u00e9stico. \u00c9 importante que o usu\u00e1rio verifique a sua pot\u00eancia nominal do equipamento el\u00e9trico a ser conectado e considerar tamb\u00e9m a carga dispon\u00edvel na bateria.&nbsp;<\/p>\n\n\n\n<p class=\"wp-block-paragraph\"><strong>Energia para diferentes momentos&nbsp;<\/strong><\/p>\n\n\n\n<p class=\"wp-block-paragraph\">O Adaptador V2L passou por testes rigorosos de desempenho para aplica\u00e7\u00e3o na Am\u00e9rica Latina. As avalia\u00e7\u00f5es consideraram diferentes n\u00edveis de consumo, varia\u00e7\u00f5es de temperatura, poss\u00edveis interrup\u00e7\u00f5es de funcionamento e deforma\u00e7\u00f5es em diferentes padr\u00f5es de tomada. O relat\u00f3rio t\u00e9cnico validou o funcionamento est\u00e1vel nas condi\u00e7\u00f5es avaliadas, inclusive sob exposi\u00e7\u00e3o direta ao sol. Ainda assim, durante a utiliza\u00e7\u00e3o cotidiana, a recomenda\u00e7\u00e3o \u00e9 manter o ve\u00edculo em local seguro e ventilado e evitar contato do acess\u00f3rio com \u00e1gua ou umidade.&nbsp;<\/p>\n\n\n\n<p class=\"wp-block-paragraph\">O Adaptador V2L estar\u00e1 dispon\u00edvel em vers\u00f5es adequadas aos principais padr\u00f5es de tomada da regi\u00e3o: Tipo N para o Brasil (conector de tr\u00eas pinos), Tipo I para a Argentina, Tipo F para o Chile e Tipo B para a Col\u00f4mbia. \u00c9 fundamental utilizar a vers\u00e3o correta para cada mercado e consultar o manual do ve\u00edculo e do acess\u00f3rio antes do primeiro uso.&nbsp;<\/p>\n\n\n\n<p class=\"wp-block-paragraph\">Para uma opera\u00e7\u00e3o segura, o cliente n\u00e3o deve utilizar equipamentos danificados, sem indica\u00e7\u00e3o clara de pot\u00eancia ou incompat\u00edveis com a tens\u00e3o fornecida. Tamb\u00e9m \u00e9 indicado evitar extens\u00f5es fora de especifica\u00e7\u00e3o, adaptadores improvisados e conex\u00f5es m\u00faltiplas. Mesmo com o desligamento autom\u00e1tico ao atingir 20% de bateria, recomenda-se planejar o consumo e encerrar o uso antes de n\u00edveis baixos, de acordo com as orienta\u00e7\u00f5es do manual.&nbsp;<\/p>\n\n\n\n<p class=\"wp-block-paragraph\"><strong>Novo item amplia o portf\u00f3lio de acess\u00f3rios Leapmotor&nbsp;<\/strong><\/p>\n\n\n\n<p class=\"wp-block-paragraph\">Ao lado do V2L, a Leapmotor tamb\u00e9m passa a oferecer novos tapetes de borracha, rec\u00e9m-adicionados ao cat\u00e1logo.&nbsp;<\/p>\n\n\n\n<p class=\"wp-block-paragraph\">Os lan\u00e7amentos ampliam um portf\u00f3lio que j\u00e1 conta com parafusos antifurto para as rodas, Wallbox, caixa organizadora, alarme volum\u00e9trico e carregador port\u00e1til. Todos os itens foram desenvolvidos para complementar a experi\u00eancia de uso dos ve\u00edculos e proporcionar mais praticidade, prote\u00e7\u00e3o e conveni\u00eancia aos clientes.&nbsp; No momento da compra de um Leapmotor, o cliente ainda pode incluir acess\u00f3rios e contratos de servi\u00e7os equivalentes a at\u00e9 10% do valor financiado. Os produtos podem ser incorporados ao mesmo financiamento do autom\u00f3vel, nas concession\u00e1rias participantes, com a mesma taxa aplicada ao ve\u00edculo.<\/p>\n\n\n\n<p class=\"wp-block-paragraph\">Fonte: Stellantis<\/p>\n","protected":false},"excerpt":{"rendered":"<p>A Leapmotor celebra o lan\u00e7amento comercial do novo Adaptador V2L (Vehicle-to-Load). Dispon\u00edvel nas concession\u00e1rias Leapmotor de todo o Brasil, o acess\u00f3rio transforma qualquer modelo da marca em uma fonte port\u00e1til&hellip;<\/p>\n","protected":false},"author":16,"featured_media":9549,"comment_status":"closed","ping_status":"open","sticky":false,"template":"","format":"standard","meta":{"_lmt_disableupdate":"","_lmt_disable":"","footnotes":"","jetpack_publicize_message":"","jetpack_publicize_feature_enabled":true,"jetpack_social_post_already_shared":true,"jetpack_social_options":{"image_generator_settings":{"template":"highway","default_image_id":0,"font":"","enabled":false},"version":2}},"categories":[129],"tags":[45],"class_list":["post-9548","post","type-post","status-publish","format-standard","has-post-thumbnail","hentry","category-mobilidade","tag-stellantis"],"jetpack_publicize_connections":[],"_links":{"self":[{"href":"https:\/\/aovolante.tv.br\/index.php?rest_route=\/wp\/v2\/posts\/9548","targetHints":{"allow":["GET"]}}],"collection":[{"href":"https:\/\/aovolante.tv.br\/index.php?rest_route=\/wp\/v2\/posts"}],"about":[{"href":"https:\/\/aovolante.tv.br\/index.php?rest_route=\/wp\/v2\/types\/post"}],"author":[{"embeddable":true,"href":"https:\/\/aovolante.tv.br\/index.php?rest_route=\/wp\/v2\/users\/16"}],"replies":[{"embeddable":true,"href":"https:\/\/aovolante.tv.br\/index.php?rest_route=%2Fwp%2Fv2%2Fcomments&post=9548"}],"version-history":[{"count":1,"href":"https:\/\/aovolante.tv.br\/index.php?rest_route=\/wp\/v2\/posts\/9548\/revisions"}],"predecessor-version":[{"id":9550,"href":"https:\/\/aovolante.tv.br\/index.php?rest_route=\/wp\/v2\/posts\/9548\/revisions\/9550"}],"wp:featuredmedia":[{"embeddable":true,"href":"https:\/\/aovolante.tv.br\/index.php?rest_route=\/wp\/v2\/media\/9549"}],"wp:attachment":[{"href":"https:\/\/aovolante.tv.br\/index.php?rest_route=%2Fwp%2Fv2%2Fmedia&parent=9548"}],"wp:term":[{"taxonomy":"category","embeddable":true,"href":"https:\/\/aovolante.tv.br\/index.php?rest_route=%2Fwp%2Fv2%2Fcategories&post=9548"},{"taxonomy":"post_tag","embeddable":true,"href":"https:\/\/aovolante.tv.br\/index.php?rest_route=%2Fwp%2Fv2%2Ftags&post=9548"}],"curies":[{"name":"wp","href":"https:\/\/api.w.org\/{rel}","templated":true}]}}