{"id":9464,"date":"2026-09-01T08:00:00","date_gmt":"2026-09-01T11:00:00","guid":{"rendered":"https:\/\/aovolante.tv.br\/?p=9464"},"modified":"2026-08-16T15:03:06","modified_gmt":"2026-08-16T18:03:06","slug":"porsche-e-greenv-novo-hub-de-recarga-rapida-em-joinville","status":"publish","type":"post","link":"https:\/\/aovolante.tv.br\/?p=9464","title":{"rendered":"Porsche e GreenV: novo hub de recarga r\u00e1pida em Joinville"},"content":{"rendered":"<div class=\"wp-block-image\">\n<figure class=\"aligncenter size-full\"><img fetchpriority=\"high\" decoding=\"async\" width=\"693\" height=\"456\" src=\"https:\/\/aovolante.tv.br\/wp-content\/uploads\/2026\/08\/image-84.png\" alt=\"\" class=\"wp-image-9465\" srcset=\"https:\/\/aovolante.tv.br\/wp-content\/uploads\/2026\/08\/image-84.png 693w, https:\/\/aovolante.tv.br\/wp-content\/uploads\/2026\/08\/image-84-768x505.png 768w, https:\/\/aovolante.tv.br\/wp-content\/uploads\/2026\/08\/image-84-1920x1263.png 1920w, https:\/\/aovolante.tv.br\/wp-content\/uploads\/2026\/08\/image-84-585x385.png 585w\" sizes=\"(max-width: 693px) 100vw, 693px\" \/><\/figure>\n<\/div>\n\n\n<p class=\"wp-block-paragraph\"><\/p>\n\n\n\n<p class=\"wp-block-paragraph\">A Porsche Brasil e a GreenV inauguram um novo hub de carregamento no <strong>Posto Buffon 15<\/strong>, em Joinville (SC), localizado na Rodovia BR-101, Km 33, no bairro Pirabeiraba. Motoristas de ve\u00edculos el\u00e9tricos que percorrem a BR-101 passam a contar com mais uma op\u00e7\u00e3o de recarga r\u00e1pida em um dos principais corredores rodovi\u00e1rios do Sul do Brasil.<\/p>\n\n\n\n<p class=\"wp-block-paragraph\">A nova esta\u00e7\u00e3o integra o projeto <strong>Highway Charging 3.0<\/strong>, iniciativa que amplia a rede de carregadores ultrarr\u00e1pidos da Porsche em rodovias brasileiras e refor\u00e7a a infraestrutura necess\u00e1ria para tornar as viagens de longa dist\u00e2ncia cada vez mais pr\u00e1ticas, seguras e convenientes para os usu\u00e1rios de ve\u00edculos eletrificados.<\/p>\n\n\n\n<p class=\"wp-block-paragraph\">Instalado em um ponto estrat\u00e9gico da BR-101, o novo hub conecta Curitiba aos principais destinos de Santa Catarina, como Joinville, Blumenau, Balne\u00e1rio Cambori\u00fa e Florian\u00f3polis, tornando-se uma parada essencial para milhares de motoristas que circulam diariamente por um dos corredores log\u00edsticos e tur\u00edsticos mais movimentados do pa\u00eds.<\/p>\n\n\n\n<p class=\"wp-block-paragraph\">Al\u00e9m de ampliar a cobertura da infraestrutura de recarga no Sul, a inaugura\u00e7\u00e3o contribui para reduzir uma das principais preocupa\u00e7\u00f5es dos consumidores que utilizam ve\u00edculos el\u00e9tricos: a disponibilidade de carregadores r\u00e1pidos durante viagens intermunicipais e interestaduais.<\/p>\n\n\n\n<p class=\"wp-block-paragraph\">O projeto Highway Charging 3.0 prev\u00ea a instala\u00e7\u00e3o de <strong>66 carregadores DC ultrarr\u00e1pidos<\/strong>, com pot\u00eancia de at\u00e9 <strong>150 kW<\/strong>, em pontos estrat\u00e9gicos das rodovias brasileiras. A conclus\u00e3o est\u00e1 prevista para 2028, com investimento total de <strong>R$ 70 milh\u00f5es<\/strong>. Ao final do projeto, considerando tamb\u00e9m os investimentos realizados anteriormente, a Porsche alcan\u00e7ar\u00e1 <strong>104 carregadores ultrarr\u00e1pidos<\/strong> em rodovias por todo o Brasil.&nbsp;<\/p>\n\n\n\n<p class=\"wp-block-paragraph\"><strong>Tecnologia, infraestrutura completa e alta pot\u00eancia<\/strong><\/p>\n\n\n\n<p class=\"wp-block-paragraph\">O hub do Posto Buffon 15 conta com duas vagas de recarga para ve\u00edculos el\u00e9tricos, sendo uma exclusiva para ve\u00edculos Porsche e outra aberta a ve\u00edculos de todas as marcas, ambas com recarga DC de at\u00e9 150 kW. A rede de postos Buffon conta com fonte de energia limpa, gerada pela empresa de solar fotovoltaico MGF.<\/p>\n\n\n\n<p class=\"wp-block-paragraph\">A exclusividade de uma das vagas para ve\u00edculos Porsche tem como objetivo ampliar a disponibilidade de recarga para os clientes da marca, oferecendo pot\u00eancia superior aos carregadores convencionais e 10% de desconto permanente em rela\u00e7\u00e3o ao valor praticado para ve\u00edculos de outras marcas.<\/p>\n\n\n\n<p class=\"wp-block-paragraph\">Ao mesmo tempo, ao disponibilizar um segundo ponto de recarga aberto a ve\u00edculos de outros fabricantes, a Porsche contribui de forma concreta para o avan\u00e7o da eletromobilidade no Brasil.<\/p>\n\n\n\n<p class=\"wp-block-paragraph\"><strong>Leandro Giacon, Diretor de Desenvolvimento de Neg\u00f3cios da Porsche Brasil<\/strong>, conta que: &#8220;A expans\u00e3o da infraestrutura de recarga \u00e9 um dos pilares para acelerar a ado\u00e7\u00e3o dos ve\u00edculos el\u00e9tricos no Brasil. Nosso objetivo \u00e9 oferecer cada vez mais tranquilidade para quem percorre longas dist\u00e2ncias, conectando corredores estrat\u00e9gicos e proporcionando uma experi\u00eancia de uso compat\u00edvel com o padr\u00e3o de excel\u00eancia que buscamos entregar aos nossos clientes. O novo hub em Joinville representa mais um passo importante nessa estrat\u00e9gia de expans\u00e3o da rede de recarga r\u00e1pida nas rodovias brasileiras&#8221;.<\/p>\n\n\n\n<p class=\"wp-block-paragraph\"><strong>Para J\u00fanior Miranda, CEO da GreenV<\/strong>, cada novo hub representa mais do que um ponto de carregamento. \u201cEstamos construindo uma rede capaz de oferecer seguran\u00e7a, confiabilidade e conveni\u00eancia para quem escolhe a mobilidade el\u00e9trica. A inaugura\u00e7\u00e3o deste novo ponto em Joinville fortalece um dos principais corredores rodovi\u00e1rios da regi\u00e3o Sul e refor\u00e7a nosso compromisso em eletrificar o pa\u00eds e liderar o crescimento acelerado da eletromobilidade nacional&#8221;, destaca o executivo.&nbsp;<\/p>\n\n\n\n<p class=\"wp-block-paragraph\">A GreenV \u00e9 uma empresa brasileira especializada em tecnologia para mobilidade el\u00e9trica e parceira da Porsche desde 2018. Juntas, as duas empresas j\u00e1 realizaram mais de <strong>4.000 instala\u00e7\u00f5es de carregadores residenciais<\/strong>, <strong>200 instala\u00e7\u00f5es em pontos de conveni\u00eancia<\/strong> e <strong>23 carregadores ultrarr\u00e1pidos<\/strong> nas cidades atendidas pela rede de Porsche Centers.<\/p>\n\n\n\n<p class=\"wp-block-paragraph\"><strong>Sobre a GreenV<\/strong><\/p>\n\n\n\n<p class=\"wp-block-paragraph\">A GreenV \u00e9 uma empresa brasileira de tecnologia especializada em solu\u00e7\u00f5es inteligentes para recarga de ve\u00edculos el\u00e9tricos. Com atua\u00e7\u00e3o nacional, a companhia integra hardware, software e servi\u00e7os para viabilizar a eletrifica\u00e7\u00e3o da mobilidade em resid\u00eancias, condom\u00ednios, empresas, frotas e montadoras automotivas. Ao longo de sua trajet\u00f3ria, j\u00e1 implantou mais de 15 mil pontos de recarga em todo o Brasil, oferecendo uma plataforma completa que combina produtos, instala\u00e7\u00e3o, monitoramento, suporte t\u00e9cnico e gest\u00e3o energ\u00e9tica.<\/p>\n\n\n\n<p class=\"wp-block-paragraph\">A empresa opera uma das maiores redes p\u00fablicas de eletropostos do pa\u00eds, com mais de 500 carregadores ativos, e investe continuamente em aplicativos, plataformas de gest\u00e3o e solu\u00e7\u00f5es de intelig\u00eancia para otimizar a experi\u00eancia de recarga e acelerar a transi\u00e7\u00e3o para uma mobilidade mais eficiente, conectada e sustent\u00e1vel.<\/p>\n\n\n\n<p class=\"wp-block-paragraph\"><\/p>\n","protected":false},"excerpt":{"rendered":"<p>A Porsche Brasil e a GreenV inauguram um novo hub de carregamento no Posto Buffon 15, em Joinville (SC), localizado na Rodovia BR-101, Km 33, no bairro Pirabeiraba. Motoristas de&hellip;<\/p>\n","protected":false},"author":52,"featured_media":9465,"comment_status":"closed","ping_status":"open","sticky":false,"template":"","format":"standard","meta":{"_lmt_disableupdate":"","_lmt_disable":"","footnotes":"","jetpack_publicize_message":"","jetpack_publicize_feature_enabled":true,"jetpack_social_post_already_shared":true,"jetpack_social_options":{"image_generator_settings":{"template":"highway","default_image_id":0,"font":"","enabled":false},"version":2}},"categories":[129],"tags":[164],"class_list":["post-9464","post","type-post","status-publish","format-standard","has-post-thumbnail","hentry","category-mobilidade","tag-green"],"jetpack_publicize_connections":[],"_links":{"self":[{"href":"https:\/\/aovolante.tv.br\/index.php?rest_route=\/wp\/v2\/posts\/9464","targetHints":{"allow":["GET"]}}],"collection":[{"href":"https:\/\/aovolante.tv.br\/index.php?rest_route=\/wp\/v2\/posts"}],"about":[{"href":"https:\/\/aovolante.tv.br\/index.php?rest_route=\/wp\/v2\/types\/post"}],"author":[{"embeddable":true,"href":"https:\/\/aovolante.tv.br\/index.php?rest_route=\/wp\/v2\/users\/52"}],"replies":[{"embeddable":true,"href":"https:\/\/aovolante.tv.br\/index.php?rest_route=%2Fwp%2Fv2%2Fcomments&post=9464"}],"version-history":[{"count":1,"href":"https:\/\/aovolante.tv.br\/index.php?rest_route=\/wp\/v2\/posts\/9464\/revisions"}],"predecessor-version":[{"id":9466,"href":"https:\/\/aovolante.tv.br\/index.php?rest_route=\/wp\/v2\/posts\/9464\/revisions\/9466"}],"wp:featuredmedia":[{"embeddable":true,"href":"https:\/\/aovolante.tv.br\/index.php?rest_route=\/wp\/v2\/media\/9465"}],"wp:attachment":[{"href":"https:\/\/aovolante.tv.br\/index.php?rest_route=%2Fwp%2Fv2%2Fmedia&parent=9464"}],"wp:term":[{"taxonomy":"category","embeddable":true,"href":"https:\/\/aovolante.tv.br\/index.php?rest_route=%2Fwp%2Fv2%2Fcategories&post=9464"},{"taxonomy":"post_tag","embeddable":true,"href":"https:\/\/aovolante.tv.br\/index.php?rest_route=%2Fwp%2Fv2%2Ftags&post=9464"}],"curies":[{"name":"wp","href":"https:\/\/api.w.org\/{rel}","templated":true}]}}