{"id":5186,"date":"2026-05-01T23:24:08","date_gmt":"2026-05-02T02:24:08","guid":{"rendered":"https:\/\/aovolante.tv.br\/?p=5186"},"modified":"2026-05-01T23:24:10","modified_gmt":"2026-05-02T02:24:10","slug":"campeonato-brasileiro-de-autocross-abre-temporada-2026-na-bahia","status":"publish","type":"post","link":"https:\/\/aovolante.tv.br\/?p=5186","title":{"rendered":"Campeonato Brasileiro de Autocross abre temporada 2026 na Bahia"},"content":{"rendered":"<div class=\"wp-block-image\">\n<figure class=\"aligncenter size-full\"><img fetchpriority=\"high\" decoding=\"async\" width=\"571\" height=\"379\" src=\"https:\/\/aovolante.tv.br\/wp-content\/uploads\/2026\/05\/image-13.png\" alt=\"\" class=\"wp-image-5187\" srcset=\"https:\/\/aovolante.tv.br\/wp-content\/uploads\/2026\/05\/image-13.png 571w, https:\/\/aovolante.tv.br\/wp-content\/uploads\/2026\/05\/image-13-768x509.png 768w, https:\/\/aovolante.tv.br\/wp-content\/uploads\/2026\/05\/image-13-1920x1274.png 1920w, https:\/\/aovolante.tv.br\/wp-content\/uploads\/2026\/05\/image-13-780x516.png 780w, https:\/\/aovolante.tv.br\/wp-content\/uploads\/2026\/05\/image-13-263x175.png 263w\" sizes=\"(max-width: 571px) 100vw, 571px\" \/><\/figure>\n<\/div>\n\n\n<p><\/p>\n\n\n\n<p>A temporada 2026 do Campeonato Brasileiro de Autocross ter\u00e1 in\u00edcio nos dias 16 e 17 de maio, no Aut\u00f3dromo Junior Poletto, na cidade baiana de Lu\u00eds Eduardo Magalh\u00e3es. A realiza\u00e7\u00e3o \u00e9 da Associa\u00e7\u00e3o Nacional de Velocidade na Terra e supervis\u00e3o da Confedera\u00e7\u00e3o Brasileira de Automobilismo (CBA), por meio da Comiss\u00e3o Nacional de Velocidade na Terra, presidida por Roni Fonseca. A novidade \u00e9 a estreia da categoria Autocross Light.<\/p>\n\n\n\n<p>O grid da categoria principal contar\u00e1 com 25 pilotos e 12 na Autocross Light, divis\u00e3o desenvolvida como porta de entrada para novos competidores. O evento contar\u00e1 com representantes da Bahia, Distrito Federal, Mato Grosso, Mato Grosso do Sul, Rond\u00f4nia e S\u00e3o Paulo.&nbsp;<\/p>\n\n\n\n<p>O p\u00fablico poder\u00e1 acompanhar as corridas presencialmente, com entrada gratuita, ou ao vivo pelo canal VNT Brasil TV no YouTube (https:\/\/www.youtube.com\/vntbrasil).<\/p>\n\n\n\n<p><strong>&#8212;<\/strong><\/p>\n\n\n\n<p><strong>Comunica\u00e7\u00e3o CBA<\/strong><\/p>\n\n\n\n<p><strong><em>Fran Oliveira (Institucional)<\/em><\/strong><\/p>\n\n\n\n<p><em>imprensa@cba.org.br<\/em><\/p>\n\n\n\n<p><em>(11) 99210-8191<\/em><\/p>\n\n\n\n<p><strong><em>Fernanda Gon\u00e7alves (Comiss\u00e3o Nacional de Kart)<\/em><\/strong><\/p>\n\n\n\n<p><em>fernanda@fgcom.com.br<\/em><\/p>\n\n\n\n<p><em>(11) 98245-4511<\/em><\/p>\n\n\n\n<p><strong><em>Am\u00e9rico Teixeira Junior (Comunica\u00e7\u00e3o)<\/em><\/strong><\/p>\n\n\n\n<p><em>(19) 99749-8111<\/em><\/p>\n\n\n\n<p><em>comunicacao@cba.org.br<\/em><\/p>\n\n\n\n<p>Autor:&nbsp;<strong><em>Assessoria de Imprensa<\/em><\/strong><\/p>\n","protected":false},"excerpt":{"rendered":"<p>A temporada 2026 do Campeonato Brasileiro de Autocross ter\u00e1 in\u00edcio nos dias 16 e 17 de maio, no Aut\u00f3dromo Junior Poletto, na cidade baiana de Lu\u00eds Eduardo Magalh\u00e3es. A realiza\u00e7\u00e3o&hellip;<\/p>\n","protected":false},"author":3,"featured_media":5187,"comment_status":"closed","ping_status":"open","sticky":false,"template":"","format":"standard","meta":{"content-type":"","_lmt_disableupdate":"","_lmt_disable":"","footnotes":"","jetpack_publicize_message":"","jetpack_publicize_feature_enabled":true,"jetpack_social_post_already_shared":true,"jetpack_social_options":{"image_generator_settings":{"template":"highway","default_image_id":0,"font":"","enabled":false},"version":2}},"categories":[38],"tags":[48],"class_list":["post-5186","post","type-post","status-publish","format-standard","has-post-thumbnail","hentry","category-cba","tag-cba"],"jetpack_publicize_connections":[],"_links":{"self":[{"href":"https:\/\/aovolante.tv.br\/index.php?rest_route=\/wp\/v2\/posts\/5186","targetHints":{"allow":["GET"]}}],"collection":[{"href":"https:\/\/aovolante.tv.br\/index.php?rest_route=\/wp\/v2\/posts"}],"about":[{"href":"https:\/\/aovolante.tv.br\/index.php?rest_route=\/wp\/v2\/types\/post"}],"author":[{"embeddable":true,"href":"https:\/\/aovolante.tv.br\/index.php?rest_route=\/wp\/v2\/users\/3"}],"replies":[{"embeddable":true,"href":"https:\/\/aovolante.tv.br\/index.php?rest_route=%2Fwp%2Fv2%2Fcomments&post=5186"}],"version-history":[{"count":1,"href":"https:\/\/aovolante.tv.br\/index.php?rest_route=\/wp\/v2\/posts\/5186\/revisions"}],"predecessor-version":[{"id":5188,"href":"https:\/\/aovolante.tv.br\/index.php?rest_route=\/wp\/v2\/posts\/5186\/revisions\/5188"}],"wp:featuredmedia":[{"embeddable":true,"href":"https:\/\/aovolante.tv.br\/index.php?rest_route=\/wp\/v2\/media\/5187"}],"wp:attachment":[{"href":"https:\/\/aovolante.tv.br\/index.php?rest_route=%2Fwp%2Fv2%2Fmedia&parent=5186"}],"wp:term":[{"taxonomy":"category","embeddable":true,"href":"https:\/\/aovolante.tv.br\/index.php?rest_route=%2Fwp%2Fv2%2Fcategories&post=5186"},{"taxonomy":"post_tag","embeddable":true,"href":"https:\/\/aovolante.tv.br\/index.php?rest_route=%2Fwp%2Fv2%2Ftags&post=5186"}],"curies":[{"name":"wp","href":"https:\/\/api.w.org\/{rel}","templated":true}]}}