{"id":5183,"date":"2026-05-01T23:22:05","date_gmt":"2026-05-02T02:22:05","guid":{"rendered":"https:\/\/aovolante.tv.br\/?p=5183"},"modified":"2026-05-01T23:46:42","modified_gmt":"2026-05-02T02:46:42","slug":"formula-e-temporada-12-a-historia-ate-agora","status":"publish","type":"post","link":"https:\/\/aovolante.tv.br\/?p=5183","title":{"rendered":"F\u00f3rmula E Temporada 12: a hist\u00f3ria at\u00e9 agora"},"content":{"rendered":"<div class=\"wp-block-image\">\n<figure class=\"aligncenter size-full\"><img fetchpriority=\"high\" decoding=\"async\" width=\"740\" height=\"493\" src=\"https:\/\/aovolante.tv.br\/wp-content\/uploads\/2026\/05\/image-12.png\" alt=\"\" class=\"wp-image-5184\" srcset=\"https:\/\/aovolante.tv.br\/wp-content\/uploads\/2026\/05\/image-12.png 740w, https:\/\/aovolante.tv.br\/wp-content\/uploads\/2026\/05\/image-12-768x511.png 768w, https:\/\/aovolante.tv.br\/wp-content\/uploads\/2026\/05\/image-12-1920x1279.png 1920w, https:\/\/aovolante.tv.br\/wp-content\/uploads\/2026\/05\/image-12-585x390.png 585w, https:\/\/aovolante.tv.br\/wp-content\/uploads\/2026\/05\/image-12-263x175.png 263w\" sizes=\"(max-width: 740px) 100vw, 740px\" \/><\/figure>\n<\/div>\n\n\n<p><\/p>\n\n\n\n<p id=\"viewer-78u4641565\">A 12\u00aa temporada da F\u00f3rmula E come\u00e7ou com muita expectativa \u2014 houve diversas mudan\u00e7as no regulamento e uma nova equipe no grid. Mas quais s\u00e3o as hist\u00f3rias que est\u00e3o surgindo at\u00e9 agora e o que podemos esperar do restante da temporada?<\/p>\n\n\n\n<h3 class=\"wp-block-heading\" id=\"viewer-7f2av41572\">F\u00f3rmula E Temporada 12: A temporada at\u00e9 agora<\/h3>\n\n\n\n<p id=\"viewer-04zbd41575\">A 12\u00aa temporada come\u00e7ou em <u>S\u00e3o Paulo<\/u> e trouxe a imprevisibilidade t\u00edpica de um fim de semana de F\u00f3rmula E. Jake Dennis, da Andretti, conquistou a pole position e manteve a lideran\u00e7a com sucesso at\u00e9 a primeira curva.\u00a0<\/p>\n\n\n\n<p id=\"viewer-izeg841580\">A m\u00e1 sorte assolou a Mahindra Racing na primeira volta, quando Edoardo Mortara foi atingido pelo companheiro de equipe Nyck de Vries. O holand\u00eas tamb\u00e9m se envolveu em um contato com Dan Ticktum, furando seu pneu traseiro esquerdo. O brit\u00e2nico foi for\u00e7ado a abandonar a corrida. Na volta 23, Mortara bateu no muro e tamb\u00e9m foi for\u00e7ado a abandonar a prova, sendo acionado o Safety Car para remover seu Mahindra danificado.&nbsp;<\/p>\n\n\n\n<p id=\"viewer-ik4rn41583\">Pouco depois, Mitch Evans tamb\u00e9m sofreu um acidente, sendo for\u00e7ado a abandonar a corrida e causando uma bandeira amarela em toda a pista. Isso pegou de surpresa o companheiro de equipe de Ticktum, Pepe Mart\u00ed, que atingiu o Jaguar de Ant\u00f3nio F\u00e9lix da Costa e o Porsche de Nico M\u00fcller. Seu carro voou pelos ares antes de capotar, causando uma bandeira vermelha. O piloto espanhol revelou mais tarde que interpretou mal a decis\u00e3o de acionar a bandeira amarela, afirmando que o procedimento era diferente do utilizado nas categorias de acesso em que competia anteriormente. Na volta 30, Jake Dennis cruzou a linha de chegada para conquistar a primeira vit\u00f3ria da 12\u00aa temporada.<\/p>\n\n\n\n<p id=\"viewer-p89p841586\">A segunda rodada da 12\u00aa temporada trouxe alguns resultados surpreendentes. S\u00e9bastien Buemi largou na pole position na <u>Cidade do M\u00e9xico<\/u> \u00a0depois que Taylor Barnard perdeu a primeira posi\u00e7\u00e3o ao ultrapassar os limites da pista na curva 16. Barnard conseguiu assumir a lideran\u00e7a na curva 1, enquanto Buemi for\u00e7ou a ultrapassagem.\u00a0<\/p>\n\n\n\n<p id=\"viewer-3zcuy41592\">Na volta 16, houve contato entre da Costa e Ticktum, enquanto uma bandeira amarela foi acionada devido ao Mahindra de Nyck de Vries, que teve um problema e parou na \u00e1rea de escape da curva 1.&nbsp;<\/p>\n\n\n\n<p id=\"viewer-vyaxv41595\">Nas \u00faltimas voltas, v\u00e1rios pilotos estavam pressionando e tentando lutar pela vit\u00f3ria, at\u00e9 que Nick Cassidy, da Citro\u00ebn, cruzou a linha de chegada em primeiro lugar e conquistou a primeira vit\u00f3ria da equipe francesa na F\u00f3rmula E, em apenas sua segunda corrida.<\/p>\n\n\n\n<p id=\"viewer-h8ej641600\">O E-Prix <u>de Miami<\/u> \u00a0marcou a estreia de um novo circuito na F\u00f3rmula E, com uma corrida em pista molhada e largada sob Safety Car. Nico M\u00fcller largou na pole position, acompanhado pelo estreante Felipe Drugovich na primeira fila. Na quinta volta, a largada foi parada, e Felipe Drugovich disparou na frente, assumindo a lideran\u00e7a da corrida em uma arrancada explosiva.\u00a0<\/p>\n\n\n\n<p id=\"viewer-d4ghc41605\">V\u00e1rios pilotos lutaram por posi\u00e7\u00f5es e a disputa pela lideran\u00e7a come\u00e7ou a esquentar. Alguns tiveram dificuldades com a estrat\u00e9gia de pneus devido \u00e0 press\u00e3o inadequada para a corrida de Miami. Enquanto a dupla da Jaguar, Mitch Evans e da Costa, subia no pelot\u00e3o, Drugovich atingiu da Costa por tr\u00e1s, e ambos ca\u00edram posi\u00e7\u00f5es.&nbsp;<\/p>\n\n\n\n<p id=\"viewer-2bex241608\">Dan Ticktum abandonou na volta 28, enquanto Evans perseguia e ultrapassava Nico M\u00fcller para conquistar a vit\u00f3ria. Na volta 41, Mitch Evans venceu sua 15\u00aa corrida na F\u00f3rmula E, tornando-se o piloto com o maior n\u00famero de vit\u00f3rias na categoria de carros el\u00e9tricos.&nbsp;<\/p>\n\n\n\n<p id=\"viewer-cqiix41611\">Edoardo Mortara conquistou a pole position para a 4\u00aa etapa do <u>E-Prix de Jeddah<\/u> , superando Max G\u00fcnther por pouco mais de um d\u00e9cimo de segundo. A corrida come\u00e7ou com drama, com uma largada abortada de Nyck de Vries, que foi levado para os boxes antes do in\u00edcio da prova.\u00a0<\/p>\n\n\n\n<p id=\"viewer-rprzy41617\">A largada de Mortara n\u00e3o foi das melhores, j\u00e1 que ele sofreu bastante com a patinagem das rodas e caiu para s\u00e9timo. No entanto, Mortara pode ser considerado sortudo, pois uma bandeira amarela foi acionada devido a um problema com Zane Maloney. O piloto da Lola Yamaha ABT parou na sa\u00edda da curva 8 depois de ser prensado contra as barreiras por Pepe Mart\u00ed.&nbsp;<\/p>\n\n\n\n<p id=\"viewer-8hvo241621\">A situa\u00e7\u00e3o foi posteriormente alterada para um Safety Car completo, mas a corrida foi retomada no final da terceira volta. Assim que a bandeira verde foi agitada, Pascal Wehrlein disparou na frente, ultrapassando v\u00e1rios advers\u00e1rios e assumindo a lideran\u00e7a ap\u00f3s as paradas nos boxes para reabastecimento. O piloto alem\u00e3o chegou a abrir uma vantagem consider\u00e1vel de sete segundos sobre Mortara, antes de vencer a corrida por pouco menos de tr\u00eas segundos.<\/p>\n\n\n\n<figure class=\"wp-block-image\"><img decoding=\"async\" src=\"https:\/\/static.wixstatic.com\/media\/5f682b_dc3bacedad6044c198667279d2c80c79~mv2.jpg\/v1\/fill\/w_740,h_458,al_c,q_80,usm_0.66_1.00_0.01,enc_avif,quality_auto\/5f682b_dc3bacedad6044c198667279d2c80c79~mv2.jpg\" alt=\"Ant\u00f3nio F\u00e9lix da Costa da Jaguar F\u00f3rmula E\"\/><figcaption class=\"wp-element-caption\">Cr\u00e9dito: Jed Leicester\/LAT Images<\/figcaption><\/figure>\n\n\n\n<p id=\"viewer-2htwy41629\">No dia seguinte, no <u>E-Prix de Jeddah,<\/u> \u00a0Mortara conquistou sua segunda pole position consecutiva. Na primeira volta, o atual campe\u00e3o Oliver Rowland assumiu a lideran\u00e7a e, mais tarde, travou uma batalha a tr\u00eas pela primeira posi\u00e7\u00e3o com Buemi e da Costa.\u00a0 <a href=\"https:\/\/www.dive-bomb.com\/article\/da-costa-delivers-dominant-victory-in-jeddah-e-prix\" target=\"_blank\" rel=\"noreferrer noopener\"><\/a><\/p>\n\n\n\n<p id=\"viewer-p0ksu41634\">Buemi e Rowland alternavam constantemente a lideran\u00e7a da corrida, mas Mart\u00ed, Maloney e Dennis tiveram problemas, com os dois primeiros pilotos colidindo e o brit\u00e2nico com suspeita de furo de pneu. Na volta 20, da Costa assumiu a lideran\u00e7a, que defendeu bravamente at\u00e9 conquistar a vit\u00f3ria na volta 30.<\/p>\n\n\n\n<p id=\"viewer-56z8w41637\">Na edi\u00e7\u00e3o inaugural <u>do E-Prix de Madrid,<\/u> \u00a0Nick Cassidy largou na pole position e os pilotos disputaram posi\u00e7\u00f5es na primeira curva. Nyck de Vries calculou mal o ponto de frenagem e bateu na traseira do Porsche de Pascal Wehrlein, perdendo sua asa dianteira.\u00a0<\/p>\n\n\n\n<p id=\"viewer-yo4st41642\">Na 11\u00aa volta, o her\u00f3i local Mart\u00ed disparou na lideran\u00e7a da corrida, para del\u00edrio dos f\u00e3s. A lideran\u00e7a alternou entre v\u00e1rios pilotos antes de da Costa assumir a ponta, posi\u00e7\u00e3o que manteve at\u00e9 cruzar a linha de chegada. Ele foi seguido pelo companheiro de equipe Evans, com uma diferen\u00e7a de menos de um segundo na linha de chegada, garantindo a dobradinha da Jaguar. Wehrlein conquistou um lugar no p\u00f3dio no \u00faltimo instante, ultrapassando Ticktum na sequ\u00eancia final de curvas da \u00faltima volta.&nbsp;<\/p>\n\n\n\n<h3 class=\"wp-block-heading\" id=\"viewer-ewcjl41646\">Os principais enredos<\/h3>\n\n\n\n<h4 class=\"wp-block-heading\" id=\"viewer-ngrhy41649\">A Citro\u00ebn surge como uma das primeiras candidatas.&nbsp;<\/h4>\n\n\n\n<p id=\"viewer-q3i4d41652\">Logo no in\u00edcio dos testes de pr\u00e9-temporada, a Citro\u00ebn e Cassidy mostraram um ritmo forte. Nas duas primeiras corridas, o neozeland\u00eas conquistou dois p\u00f3dios, incluindo uma vit\u00f3ria na Cidade do M\u00e9xico. Embora as quatro etapas seguintes n\u00e3o tenham sido t\u00e3o bem-sucedidas para o neozeland\u00eas, a Citro\u00ebn ainda demonstrou que estava disposta a lutar e era capaz de se manter na frente do pelot\u00e3o.&nbsp;<\/p>\n\n\n\n<p id=\"viewer-yqxhp41655\">Jean-Eric Vergne conquistou seu melhor resultado na temporada, um oitavo lugar. Apesar de n\u00e3o ter alcan\u00e7ado o mesmo sucesso que seu companheiro de equipe, o piloto franc\u00eas \u00e9 um dos mais experientes do grid, buscando fornecer \u00e0 sua equipe um feedback valioso.&nbsp;<\/p>\n\n\n\n<h4 class=\"wp-block-heading\" id=\"viewer-26bdm41659\">Porsche x Jaguar: a reprise?<\/h4>\n\n\n\n<p id=\"viewer-dte0v41662\">Durante grande parte da era Gen3, duas equipes disputaram o pr\u00eamio m\u00e1ximo na F\u00f3rmula E: Porsche e Jaguar. Na 12\u00aa temporada, a rivalidade parece ter aumentado \u2014 Wehrlein e da Costa j\u00e1 conquistaram t\u00edtulos, enquanto Mitch Evans ainda busca o seu primeiro, naquela que ser\u00e1 <u>sua \u00faltima temporada<\/u> \u00a0pela equipe.\u00a0<\/p>\n\n\n\n<p id=\"viewer-791su41667\">Atualmente, Wehrlein lidera a classifica\u00e7\u00e3o apesar de ter apenas uma vit\u00f3ria, em compara\u00e7\u00e3o com as duas de da Costa. O piloto alem\u00e3o conquistou mais dois p\u00f3dios e terminou todas as corridas at\u00e9 agora na zona de pontua\u00e7\u00e3o, enquanto ambos os pilotos da Jaguar sofreram com abandonos e corridas sem pontua\u00e7\u00e3o.&nbsp;<\/p>\n\n\n\n<h4 class=\"wp-block-heading\" id=\"viewer-adgqb41671\">Voc\u00ea nunca pode descontar Edoardo Mortara<\/h4>\n\n\n\n<p id=\"viewer-9rset41674\">Um piloto que passou despercebido \u00e9 Edoardo Mortara, da Mahindra. O su\u00ed\u00e7o ocupa a segunda posi\u00e7\u00e3o na classifica\u00e7\u00e3o geral, tendo subido ao p\u00f3dio duas vezes. H\u00e1 v\u00e1rias temporadas, Mortara \u00e9 um dos pilotos mais consistentes, mas parece ter encontrado uma nova determina\u00e7\u00e3o para a 12\u00aa temporada.&nbsp;<\/p>\n\n\n\n<p id=\"viewer-t6p3641677\">Nos testes de pr\u00e9-temporada, tanto ele quanto o carro da Mahindra mostraram potencial para serem candidatos ao t\u00edtulo. Ser\u00e1 que a 12\u00aa temporada ser\u00e1 a vez de Mortara brilhar?<\/p>\n\n\n\n<figure class=\"wp-block-image\"><img decoding=\"async\" src=\"https:\/\/static.wixstatic.com\/media\/5f682b_6bd6ee5f085e4d169e23c54579a1111d~mv2.jpg\/v1\/fill\/w_740,h_493,al_c,q_85,usm_0.66_1.00_0.01,enc_avif,quality_auto\/5f682b_6bd6ee5f085e4d169e23c54579a1111d~mv2.jpg\" alt=\"Lucas di Grassi da Lola F\u00f3rmula E\"\/><figcaption class=\"wp-element-caption\">Cr\u00e9dito: Jed Leicester\/LAT Images<\/figcaption><\/figure>\n\n\n\n<h3 class=\"wp-block-heading\" id=\"viewer-bojwc41684\">Lucas di Grassi se aposentar\u00e1 ao final da 12\u00aa temporada.<\/h3>\n\n\n\n<p id=\"viewer-6a1mi41687\">Um dos principais acontecimentos da 12\u00aa temporada: Lucas di Grassi, campe\u00e3o da 3\u00aa temporada, anunciou sua <u>aposentadoria<\/u> \u00a0da s\u00e9rie de motocross.\u00a0<\/p>\n\n\n\n<p id=\"viewer-sd3ht41692\">A not\u00edcia foi divulgada antes do E-Prix de Berlim, surpreendendo muitos f\u00e3s, visto que di Grassi teve uma carreira extensa. Ele permanecer\u00e1 nos bastidores da Lola Yamaha ABT, auxiliando no desenvolvimento do carro GEN4, mas deixar\u00e1 de competir profissionalmente ap\u00f3s o E-Prix de Londres.<\/p>\n\n\n\n<p><\/p>\n","protected":false},"excerpt":{"rendered":"<p>A 12\u00aa temporada da F\u00f3rmula E come\u00e7ou com muita expectativa \u2014 houve diversas mudan\u00e7as no regulamento e uma nova equipe no grid. Mas quais s\u00e3o as hist\u00f3rias que est\u00e3o surgindo&hellip;<\/p>\n","protected":false},"author":28,"featured_media":5184,"comment_status":"closed","ping_status":"open","sticky":false,"template":"","format":"standard","meta":{"content-type":"","_lmt_disableupdate":"","_lmt_disable":"","footnotes":"","jetpack_publicize_message":"","jetpack_publicize_feature_enabled":true,"jetpack_social_post_already_shared":true,"jetpack_social_options":{"image_generator_settings":{"template":"highway","default_image_id":0,"font":"","enabled":false},"version":2}},"categories":[29,26],"tags":[54],"class_list":["post-5183","post","type-post","status-publish","format-standard","has-post-thumbnail","hentry","category-f-e","category-nas-pistas","tag-indycar-2"],"jetpack_publicize_connections":[],"_links":{"self":[{"href":"https:\/\/aovolante.tv.br\/index.php?rest_route=\/wp\/v2\/posts\/5183","targetHints":{"allow":["GET"]}}],"collection":[{"href":"https:\/\/aovolante.tv.br\/index.php?rest_route=\/wp\/v2\/posts"}],"about":[{"href":"https:\/\/aovolante.tv.br\/index.php?rest_route=\/wp\/v2\/types\/post"}],"author":[{"embeddable":true,"href":"https:\/\/aovolante.tv.br\/index.php?rest_route=\/wp\/v2\/users\/28"}],"replies":[{"embeddable":true,"href":"https:\/\/aovolante.tv.br\/index.php?rest_route=%2Fwp%2Fv2%2Fcomments&post=5183"}],"version-history":[{"count":1,"href":"https:\/\/aovolante.tv.br\/index.php?rest_route=\/wp\/v2\/posts\/5183\/revisions"}],"predecessor-version":[{"id":5185,"href":"https:\/\/aovolante.tv.br\/index.php?rest_route=\/wp\/v2\/posts\/5183\/revisions\/5185"}],"wp:featuredmedia":[{"embeddable":true,"href":"https:\/\/aovolante.tv.br\/index.php?rest_route=\/wp\/v2\/media\/5184"}],"wp:attachment":[{"href":"https:\/\/aovolante.tv.br\/index.php?rest_route=%2Fwp%2Fv2%2Fmedia&parent=5183"}],"wp:term":[{"taxonomy":"category","embeddable":true,"href":"https:\/\/aovolante.tv.br\/index.php?rest_route=%2Fwp%2Fv2%2Fcategories&post=5183"},{"taxonomy":"post_tag","embeddable":true,"href":"https:\/\/aovolante.tv.br\/index.php?rest_route=%2Fwp%2Fv2%2Ftags&post=5183"}],"curies":[{"name":"wp","href":"https:\/\/api.w.org\/{rel}","templated":true}]}}