{"id":5176,"date":"2026-05-01T23:15:43","date_gmt":"2026-05-02T02:15:43","guid":{"rendered":"https:\/\/aovolante.tv.br\/?p=5176"},"modified":"2026-05-01T23:18:48","modified_gmt":"2026-05-02T02:18:48","slug":"a-equipe-cadillac-hertz-jots-busca-redencao-em-spa-apos-a-frustracao-na-abertura-do-wec-2026-em-imola","status":"publish","type":"post","link":"https:\/\/aovolante.tv.br\/?p=5176","title":{"rendered":"A equipe Cadillac Hertz JOTS busca reden\u00e7\u00e3o em Spa ap\u00f3s a frustra\u00e7\u00e3o na abertura do WEC 2026 em Imola"},"content":{"rendered":"<div class=\"wp-block-image\">\n<figure class=\"aligncenter size-full\"><img fetchpriority=\"high\" decoding=\"async\" width=\"2048\" height=\"1209\" src=\"https:\/\/aovolante.tv.br\/wp-content\/uploads\/2026\/05\/image-11.png\" alt=\"\" class=\"wp-image-5178\" srcset=\"https:\/\/aovolante.tv.br\/wp-content\/uploads\/2026\/05\/image-11.png 2048w, https:\/\/aovolante.tv.br\/wp-content\/uploads\/2026\/05\/image-11-768x453.png 768w, https:\/\/aovolante.tv.br\/wp-content\/uploads\/2026\/05\/image-11-1920x1133.png 1920w, https:\/\/aovolante.tv.br\/wp-content\/uploads\/2026\/05\/image-11-1170x691.png 1170w, https:\/\/aovolante.tv.br\/wp-content\/uploads\/2026\/05\/image-11-585x345.png 585w\" sizes=\"(max-width: 2048px) 100vw, 2048px\" \/><\/figure>\n<\/div>\n\n\n<p><\/p>\n\n\n\n<p>A Cadillac Hertz Team JOTA segue para a segunda etapa do WEC 2026 em Spa-Francorchamps determinada a transformar a promessa em resultados ap\u00f3s uma atua\u00e7\u00e3o frustrante em Imola. Apesar de demonstrar claro potencial para o p\u00f3dio na\u00a0etapa de abertura\u00a0do Campeonato Mundial de Endurance da FIA de 2026, a equipe deixou a It\u00e1lia sem o resultado que merecia. Agora, com dados valiosos e confian\u00e7a renovada, a Cadillac se prepara para recome\u00e7ar sua campanha em um dos circuitos mais ic\u00f4nicos do automobilismo de endurance.<\/p>\n\n\n\n<h3 class=\"wp-block-heading\" id=\"h-imola-promise-ends-in-frustration\">A promessa de Imola termina em frustra\u00e7\u00e3o.<\/h3>\n\n\n\n<p>Em Imola, a Cadillac demonstrou verdadeira competitividade na categoria Hypercar desde o in\u00edcio. Norman Nato garantiu o quinto lugar no grid na Hyperpole, preparando o terreno para uma forte atua\u00e7\u00e3o na corrida. Logo em seguida, Will Stevens refor\u00e7ou esse \u00edmpeto com um impressionante primeiro stint, enfrentando diretamente os principais concorrentes.<\/p>\n\n\n\n<p>Stevens pressionou implacavelmente os l\u00edderes, chegando a marcar a volta mais r\u00e1pida enquanto perseguia rivais da Ferrari e da Toyota. Crucialmente, ultrapassou Miguel Molina para conquistar a terceira posi\u00e7\u00e3o logo no in\u00edcio da corrida, demonstrando o potencial do carro. No entanto, uma puni\u00e7\u00e3o de passagem pelos boxes por uma infra\u00e7\u00e3o sob bandeira amarela mudou o rumo da prova.<\/p>\n\n\n\n<p>Como resultado, o Cadillac n\u00ba 12 caiu na classifica\u00e7\u00e3o. Em um circuito onde as ultrapassagens continuam notoriamente dif\u00edceis, a recupera\u00e7\u00e3o se mostrou quase imposs\u00edvel. Consequentemente, Stevens e Nato cruzaram a linha de chegada em 13\u00ba lugar \u2014 muito abaixo do que seu ritmo prometia.<\/p>\n\n\n\n<h3 class=\"wp-block-heading\" id=\"h-deletraz-steps-in-for-2026-wec-spa-challenge-with-cadillac-hertz-team-jota\">Del\u00e9traz entra na disputa do WEC Spa 2026 com a Cadillac Hertz Team JOTA.<\/h3>\n\n\n\n<p>Olhando para Spa, a Cadillac ter\u00e1 uma forma\u00e7\u00e3o revisada no carro #12.\u00a0Louis Del\u00e9traz\u00a0se junta a Stevens e Nato, substituindo\u00a0<a href=\"https:\/\/www.pitdebrief.com\/post\/cadillac-adjusts-line-up-alex-lynn-set-to-miss-2026-imola-and-spa-wec-rounds\/\">Alex Lynn,<\/a>\u00a0que continua se recuperando de uma cirurgia no pesco\u00e7o. Essa mudan\u00e7a traz uma energia renovada, mantendo ao mesmo tempo uma forte familiaridade dentro da equipe.<\/p>\n\n\n\n<p><em>\u201cFazer parte da fam\u00edlia Cadillac vai facilitar a adapta\u00e7\u00e3o\u201d,\u00a0<\/em>opinou o astro su\u00ed\u00e7o\u00a0, que integra a equipe da marca americana na classe GTP do campeonato IMSA, nos Estados Unidos, e que agora compete no FIA WEC.\u00a0<em>\u201cAl\u00e9m disso, Will e Norman s\u00e3o bons amigos e j\u00e1 correram juntos por v\u00e1rios anos. J\u00e1 competi contra a JOTA muitas vezes e eles sempre foram dif\u00edceis de vencer, ent\u00e3o estou ansioso para correr com eles em Spa.\u201d<\/em><\/p>\n\n\n\n<p>\u00c9 importante destacar que a Equipe JOTA chega \u00e0 etapa belga com boas lembran\u00e7as. A equipe fez hist\u00f3ria em Spa em 2024 ao se tornar a primeira equipe privada a vencer na era dos Hypercars. Stevens desempenhou um papel fundamental nessa vit\u00f3ria hist\u00f3rica e agora busca repetir o feito.<\/p>\n\n\n\n<p><em>\u201cEstou ansioso para voltar \u00e0 pista t\u00e3o logo depois de \u00cdmola\u201d,<\/em>&nbsp;comentou o piloto de 34 anos. \u201c&nbsp;<em>Podemos tirar muitas li\u00e7\u00f5es positivas daquela primeira corrida, apesar de n\u00e3o termos conseguido o resultado que poder\u00edamos ter alcan\u00e7ado. Damos as boas-vindas a Louis na equipe #12 enquanto Alex ainda se recupera. Norman e eu conhecemos bem o Louis, ent\u00e3o estamos confiantes de que podemos ter um bom come\u00e7o juntos em Spa. \u00c9 sempre uma pista fant\u00e1stica para pilotar e mal posso esperar para come\u00e7ar!\u201d<\/em><\/p>\n\n\n\n<h3 class=\"wp-block-heading\" id=\"h-strong-foundations-across-both-cars\">Bases s\u00f3lidas em ambos os carros<\/h3>\n\n\n\n<p>Entretanto, o Cadillac #38 tamb\u00e9m mostrou sinais encorajadores em \u00cdmola. S\u00e9bastien Bourdais e Earl Bamber lutaram para sair da 13\u00aa posi\u00e7\u00e3o no grid e terminar em oitavo, garantindo pontos valiosos no processo. Em Spa, eles se juntar\u00e3o a\u00a0Jack Aitken\u00a0, que se prepara para iniciar sua primeira temporada completa no FIA WEC.<\/p>\n\n\n\n<p><em>\u201cCorrer em Spa \u00e9 um verdadeiro prazer\u201d,<\/em>&nbsp;entusiasmou-se Aitken, campe\u00e3o da categoria GTP da IMSA Michelin Endurance Cup de 2023.&nbsp;<em>\u201c\u00c9 uma pista fant\u00e1stica e hist\u00f3rica, e por estar perto do Reino Unido, sempre recebemos muitos amigos e familiares que v\u00eam nos visitar. A equipe teve um bom desempenho na primeira corrida, o que nos d\u00e1 uma base s\u00f3lida para Spa. Continuamos aprendendo mais sobre nosso pacote aerodin\u00e2mico e trabalhando para extrair o m\u00e1ximo dele na prepara\u00e7\u00e3o para Le Mans.\u201d<\/em><\/p>\n\n\n\n<p>Com ambos os carros demonstrando ritmo competitivo, a Cadillac entra no fim de semana com uma base s\u00f3lida para construir.<\/p>\n\n\n\n<h3 class=\"wp-block-heading\" id=\"h-cadillac-hertz-team-jota-confident-ahead-of-2026-wec-spa-showdown\">A equipe Cadillac Hertz Team JOTA est\u00e1 confiante para o confronto de Spa no WEC de 2026.<\/h3>\n\n\n\n<p>Spa-Francorchamps apresenta um desafio muito diferente em compara\u00e7\u00e3o com Imola, com curvas de alta velocidade e trechos t\u00e9cnicos que exigem precis\u00e3o e equil\u00edbrio. Mesmo assim, a Cadillac acredita que seu conjunto mec\u00e2nico pode ter um \u00f3timo desempenho nessas condi\u00e7\u00f5es variadas.<\/p>\n\n\n\n<p><em>\u201cSpa \u00e9 uma pista fant\u00e1stica para pilotar\u201d,<\/em>&nbsp;concordou Bourdais, que terminou em sexto lugar nas Ardenas no ano passado.&nbsp;<em>\u201c\u00c9 desafiadora e tem uma mistura de tudo \u2013 curvas de alta velocidade, curvas de m\u00e9dia velocidade e \u00e9 muito t\u00e9cnica. Imola mostrou o potencial que temos, ent\u00e3o vamos buscar outro fim de semana forte. Se conseguirmos largar mais \u00e0 frente no grid, parece que podemos nos manter firmes e lutar por p\u00f3dios.\u201d<\/em><\/p>\n\n\n\n<p>Em \u00faltima an\u00e1lise, a Cadillac Hertz Team JOTA chega a Spa com um objetivo claro: converter velocidade em resultados. Embora Imola tenha exposto as margens m\u00ednimas que definem as corridas de resist\u00eancia, tamb\u00e9m confirmou a capacidade da equipe de competir na frente.<\/p>\n\n\n\n<p>Portanto, com uma equipe refor\u00e7ada, um conhecimento cada vez maior do carro e a confian\u00e7a adquirida com o sucesso anterior no circuito, a Cadillac est\u00e1 pronta para lutar por um lugar no p\u00f3dio \u2014 e potencialmente mais.<\/p>\n","protected":false},"excerpt":{"rendered":"<p>A Cadillac Hertz Team JOTA segue para a segunda etapa do WEC 2026 em Spa-Francorchamps determinada a transformar a promessa em resultados ap\u00f3s uma atua\u00e7\u00e3o frustrante em Imola. Apesar de&hellip;<\/p>\n","protected":false},"author":28,"featured_media":5178,"comment_status":"closed","ping_status":"open","sticky":false,"template":"","format":"standard","meta":{"content-type":"","_lmt_disableupdate":"","_lmt_disable":"","footnotes":"","jetpack_publicize_message":"","jetpack_publicize_feature_enabled":true,"jetpack_social_post_already_shared":true,"jetpack_social_options":{"image_generator_settings":{"template":"highway","default_image_id":0,"font":"","enabled":false},"version":2}},"categories":[32,26,33],"tags":[57,58],"class_list":["post-5176","post","type-post","status-publish","format-standard","has-post-thumbnail","hentry","category-endurance","category-nas-pistas","category-wec","tag-endurance","tag-wec"],"jetpack_publicize_connections":[],"_links":{"self":[{"href":"https:\/\/aovolante.tv.br\/index.php?rest_route=\/wp\/v2\/posts\/5176","targetHints":{"allow":["GET"]}}],"collection":[{"href":"https:\/\/aovolante.tv.br\/index.php?rest_route=\/wp\/v2\/posts"}],"about":[{"href":"https:\/\/aovolante.tv.br\/index.php?rest_route=\/wp\/v2\/types\/post"}],"author":[{"embeddable":true,"href":"https:\/\/aovolante.tv.br\/index.php?rest_route=\/wp\/v2\/users\/28"}],"replies":[{"embeddable":true,"href":"https:\/\/aovolante.tv.br\/index.php?rest_route=%2Fwp%2Fv2%2Fcomments&post=5176"}],"version-history":[{"count":1,"href":"https:\/\/aovolante.tv.br\/index.php?rest_route=\/wp\/v2\/posts\/5176\/revisions"}],"predecessor-version":[{"id":5179,"href":"https:\/\/aovolante.tv.br\/index.php?rest_route=\/wp\/v2\/posts\/5176\/revisions\/5179"}],"wp:featuredmedia":[{"embeddable":true,"href":"https:\/\/aovolante.tv.br\/index.php?rest_route=\/wp\/v2\/media\/5178"}],"wp:attachment":[{"href":"https:\/\/aovolante.tv.br\/index.php?rest_route=%2Fwp%2Fv2%2Fmedia&parent=5176"}],"wp:term":[{"taxonomy":"category","embeddable":true,"href":"https:\/\/aovolante.tv.br\/index.php?rest_route=%2Fwp%2Fv2%2Fcategories&post=5176"},{"taxonomy":"post_tag","embeddable":true,"href":"https:\/\/aovolante.tv.br\/index.php?rest_route=%2Fwp%2Fv2%2Ftags&post=5176"}],"curies":[{"name":"wp","href":"https:\/\/api.w.org\/{rel}","templated":true}]}}