{"id":5172,"date":"2026-05-01T23:13:30","date_gmt":"2026-05-02T02:13:30","guid":{"rendered":"https:\/\/aovolante.tv.br\/?p=5172"},"modified":"2026-05-01T23:18:41","modified_gmt":"2026-05-02T02:18:41","slug":"spa-se-prepara-para-um-thriller-no-wec-de-2026-com-a-toyota-buscando-repetir-o-sucesso-de-imola","status":"publish","type":"post","link":"https:\/\/aovolante.tv.br\/?p=5172","title":{"rendered":"Spa se prepara para um thriller no WEC de 2026, com a Toyota buscando repetir o sucesso de \u00cdmola"},"content":{"rendered":"<div class=\"wp-block-image\">\n<figure class=\"aligncenter size-large\"><img fetchpriority=\"high\" decoding=\"async\" width=\"1024\" height=\"1024\" src=\"https:\/\/aovolante.tv.br\/wp-content\/uploads\/2026\/05\/image-10-1024x1024.png\" alt=\"\" class=\"wp-image-5174\" srcset=\"https:\/\/aovolante.tv.br\/wp-content\/uploads\/2026\/05\/image-10-1024x1024.png 1024w, https:\/\/aovolante.tv.br\/wp-content\/uploads\/2026\/05\/image-10-300x300.png 300w, https:\/\/aovolante.tv.br\/wp-content\/uploads\/2026\/05\/image-10-150x150.png 150w, https:\/\/aovolante.tv.br\/wp-content\/uploads\/2026\/05\/image-10-1536x1536.png 1536w, https:\/\/aovolante.tv.br\/wp-content\/uploads\/2026\/05\/image-10-2048x2048.png 2048w, https:\/\/aovolante.tv.br\/wp-content\/uploads\/2026\/05\/image-10-585x585.png 585w\" sizes=\"(max-width: 1024px) 100vw, 1024px\" \/><\/figure>\n<\/div>\n\n\n<p><\/p>\n\n\n\n<p>O Campeonato Mundial de Endurance da FIA (WEC) de 2026 chega ao lend\u00e1rio Circuito de Spa-Francorchamps para a\u00a0segunda etapa\u00a0da temporada, com grande expectativa para as 6 Horas de Spa-Francorchamps da TotalEnergies, que acontecem entre os dias 7 e 9 de maio.<\/p>\n\n\n\n<p>Ap\u00f3s\u00a0uma abertura dram\u00e1tica\u00a0, o circuito belga agora representa o pr\u00f3ximo grande teste para equipes e pilotos que buscam ganhar impulso inicial na disputa pelo t\u00edtulo.<\/p>\n\n\n\n<h3 class=\"wp-block-heading\" id=\"h-rivalries-rekindled-after-imola\">Rivalidades reacendidas ap\u00f3s Imola<\/h3>\n\n\n\n<p>A abertura da temporada no Aut\u00f3dromo Internacional Enzo e Dino Ferrari deu o tom com uma disputa acirrada entre a Ferrari e a Toyota Gazoo Racing. A Toyota acabou levando a melhor, mantendo seu legado como a fabricante mais vitoriosa da categoria.<\/p>\n\n\n\n<p>Com a etapa de Spa, a Toyota chega confiante e com um GR010 Hybrid atualizado. No entanto, a Ferrari tentar\u00e1 responder imediatamente, enquanto a Alpine parece pronta para capitalizar ap\u00f3s uma atua\u00e7\u00e3o promissora na \u00faltima corrida.<\/p>\n\n\n\n<h3 class=\"wp-block-heading\" id=\"h-strengthened-hypercar-field\">Campo dos hipercarros refor\u00e7ado<\/h3>\n\n\n\n<p>O grid dos Hypercars ganha ainda mais for\u00e7a antes da etapa belga. A BMW retorna com for\u00e7a total, com Dries Vanthoor e Sheldon van der Linde juntando-se \u00e0 Team WRT em casa. A presen\u00e7a deles deve aumentar as chances da BMW de subir ainda mais na classifica\u00e7\u00e3o.<\/p>\n\n\n\n<p>Enquanto isso, a Cadillac Hertz Team JOTA busca reden\u00e7\u00e3o ap\u00f3s uma participa\u00e7\u00e3o conturbada em \u00cdmola. A equipe refor\u00e7a sua forma\u00e7\u00e3o com o retorno de Louis Del\u00e9traz \u00e0 competi\u00e7\u00e3o do WEC, enquanto Jack Aitken se prepara para sua primeira participa\u00e7\u00e3o em tempo integral no campeonato. Essas adi\u00e7\u00f5es podem ser decisivas em um grid bastante disputado.<\/p>\n\n\n\n<h3 class=\"wp-block-heading\" id=\"h-lmgt3-storylines-to-watch\">Enredos de LMGT3 para acompanhar<\/h3>\n\n\n\n<p>As aten\u00e7\u00f5es tamb\u00e9m se voltam para a categoria LMGT3, onde as mudan\u00e7as de pilotos adicionam ainda mais emo\u00e7\u00e3o. Eduardo Barrichello retorna \u00e0 equipe Heart of Racing, trazendo de volta a experi\u00eancia para o carro da Aston Martin.<\/p>\n\n\n\n<p>Ao mesmo tempo, Blake McDonald continua a substituir Ben Keating na TF Sport, enquanto a equipe se adapta \u00e0s mudan\u00e7as em curso. Essas altera\u00e7\u00f5es podem influenciar o equil\u00edbrio competitivo da categoria.<\/p>\n\n\n\n<h3 class=\"wp-block-heading\" id=\"h-key-timings-for-the-weekend\">Hor\u00e1rios importantes para o fim de semana<\/h3>\n\n\n\n<p>A a\u00e7\u00e3o na pista\u00a0come\u00e7a em 7 de maio com duas sess\u00f5es de treinos livres, seguidas por um treino final na manh\u00e3 de 8 de maio. Mais tarde, nesse mesmo dia, as sess\u00f5es de qualifica\u00e7\u00e3o e Hyperpole definir\u00e3o o grid de largada para as categorias LMGT3 e Hypercar.<\/p>\n\n\n\n<p>A pr\u00f3pria corrida de seis horas come\u00e7a no dia 9 de maio \u00e0s 14h, prometendo uma disputa estrat\u00e9gica e de alta intensidade em um dos circuitos mais desafiadores do automobilismo.<\/p>\n\n\n\n<p>Com o campeonato a ganhar ritmo, Spa-Francorchamps surge como um campo de batalha crucial neste in\u00edcio de temporada. A Toyota pretende ampliar a sua vantagem, a Ferrari busca reagir, e uma s\u00e9rie de concorrentes chegam com forma\u00e7\u00f5es refor\u00e7adas e uma confian\u00e7a crescente.<\/p>\n\n\n\n<p>Consequentemente,\u00a0o cen\u00e1rio\u00a0est\u00e1 montado para mais um cap\u00edtulo emocionante do Campeonato Mundial de Endurance da FIA de 2026, onde cada volta moldar\u00e1 a disputa pelo t\u00edtulo.<\/p>\n\n\n\n<p><\/p>\n","protected":false},"excerpt":{"rendered":"<p>O Campeonato Mundial de Endurance da FIA (WEC) de 2026 chega ao lend\u00e1rio Circuito de Spa-Francorchamps para a\u00a0segunda etapa\u00a0da temporada, com grande expectativa para as 6 Horas de Spa-Francorchamps da&hellip;<\/p>\n","protected":false},"author":28,"featured_media":5174,"comment_status":"closed","ping_status":"open","sticky":false,"template":"","format":"standard","meta":{"content-type":"","_lmt_disableupdate":"","_lmt_disable":"","footnotes":"","jetpack_publicize_message":"","jetpack_publicize_feature_enabled":true,"jetpack_social_post_already_shared":true,"jetpack_social_options":{"image_generator_settings":{"template":"highway","default_image_id":0,"font":"","enabled":false},"version":2}},"categories":[32,26,33],"tags":[57,58],"class_list":["post-5172","post","type-post","status-publish","format-standard","has-post-thumbnail","hentry","category-endurance","category-nas-pistas","category-wec","tag-endurance","tag-wec"],"jetpack_publicize_connections":[],"_links":{"self":[{"href":"https:\/\/aovolante.tv.br\/index.php?rest_route=\/wp\/v2\/posts\/5172","targetHints":{"allow":["GET"]}}],"collection":[{"href":"https:\/\/aovolante.tv.br\/index.php?rest_route=\/wp\/v2\/posts"}],"about":[{"href":"https:\/\/aovolante.tv.br\/index.php?rest_route=\/wp\/v2\/types\/post"}],"author":[{"embeddable":true,"href":"https:\/\/aovolante.tv.br\/index.php?rest_route=\/wp\/v2\/users\/28"}],"replies":[{"embeddable":true,"href":"https:\/\/aovolante.tv.br\/index.php?rest_route=%2Fwp%2Fv2%2Fcomments&post=5172"}],"version-history":[{"count":1,"href":"https:\/\/aovolante.tv.br\/index.php?rest_route=\/wp\/v2\/posts\/5172\/revisions"}],"predecessor-version":[{"id":5175,"href":"https:\/\/aovolante.tv.br\/index.php?rest_route=\/wp\/v2\/posts\/5172\/revisions\/5175"}],"wp:featuredmedia":[{"embeddable":true,"href":"https:\/\/aovolante.tv.br\/index.php?rest_route=\/wp\/v2\/media\/5174"}],"wp:attachment":[{"href":"https:\/\/aovolante.tv.br\/index.php?rest_route=%2Fwp%2Fv2%2Fmedia&parent=5172"}],"wp:term":[{"taxonomy":"category","embeddable":true,"href":"https:\/\/aovolante.tv.br\/index.php?rest_route=%2Fwp%2Fv2%2Fcategories&post=5172"},{"taxonomy":"post_tag","embeddable":true,"href":"https:\/\/aovolante.tv.br\/index.php?rest_route=%2Fwp%2Fv2%2Ftags&post=5172"}],"curies":[{"name":"wp","href":"https:\/\/api.w.org\/{rel}","templated":true}]}}