{"id":5169,"date":"2026-05-01T23:11:18","date_gmt":"2026-05-02T02:11:18","guid":{"rendered":"https:\/\/aovolante.tv.br\/?p=5169"},"modified":"2026-05-01T23:11:19","modified_gmt":"2026-05-02T02:11:19","slug":"pepe-marti-fala-sobre-seus-objetivos-para-o-e-prix-de-berlim-sua-adaptacao-a-formula-e-e-a-expectativa-para-a-gen4","status":"publish","type":"post","link":"https:\/\/aovolante.tv.br\/?p=5169","title":{"rendered":"Pepe Mart\u00ed fala sobre seus objetivos para o E-Prix de Berlim, sua adapta\u00e7\u00e3o \u00e0 F\u00f3rmula E e a expectativa para a GEN4"},"content":{"rendered":"<div class=\"wp-block-image\">\n<figure class=\"aligncenter size-full\"><img fetchpriority=\"high\" decoding=\"async\" width=\"2048\" height=\"1366\" src=\"https:\/\/aovolante.tv.br\/wp-content\/uploads\/2026\/05\/image-8.png\" alt=\"\" class=\"wp-image-5170\" srcset=\"https:\/\/aovolante.tv.br\/wp-content\/uploads\/2026\/05\/image-8.png 2048w, https:\/\/aovolante.tv.br\/wp-content\/uploads\/2026\/05\/image-8-768x512.png 768w, https:\/\/aovolante.tv.br\/wp-content\/uploads\/2026\/05\/image-8-1920x1280.png 1920w, https:\/\/aovolante.tv.br\/wp-content\/uploads\/2026\/05\/image-8-1170x780.png 1170w, https:\/\/aovolante.tv.br\/wp-content\/uploads\/2026\/05\/image-8-585x390.png 585w, https:\/\/aovolante.tv.br\/wp-content\/uploads\/2026\/05\/image-8-263x175.png 263w\" sizes=\"(max-width: 2048px) 100vw, 2048px\" \/><\/figure>\n<\/div>\n\n\n<p><\/p>\n\n\n\n<p>Antes do emocionante fim de semana do E-Prix de Berlim,\u00a0os jornalistas da plataforma digital Pit Debrief\u00a0conversaram com o piloto da CUPRA KIRO, Pepe Mart\u00ed, em uma entrevista exclusiva. O piloto espanhol falou sobre suas expectativas para o fim de semana, o desenvolvimento da F\u00f3rmula E e do GEN4, e seus objetivos para o restante de sua temporada de estreia.<\/p>\n\n\n\n<h3 class=\"wp-block-heading\" id=\"h-marti-s-expectations-for-the-berlin-e-prix\">Expectativas de Mart\u00ed para o E-Prix de Berlim<\/h3>\n\n\n\n<p>Ap\u00f3s uma s\u00f3lida\u00a0corrida em casa,\u00a0em Madrid, na \u00faltima etapa, a equipe CUPRA KIRO chega ao fim de semana de Berlim em alta. Mesmo assim, Mart\u00ed mant\u00e9m a mesma mentalidade de sempre para o E-Prix de Berlim. Questionado pela\u00a0imprensa\u00a0\u00a0sobre suas expectativas para o fim de semana, o piloto da CUPRA KIRO disse:<\/p>\n\n\n\n<p><em>\u201cEu diria que \u00e9 bem parecido com qualquer outro evento. Acho que vou tentar manter a mesma mentalidade que tive em todas as outras corridas, onde, ali\u00e1s, as coisas correram muito bem. H\u00e1 coisas que quero alcan\u00e7ar neste fim de semana, como entrar nos duelos em uma das duas corridas, ou, com sorte, em ambas, na qualifica\u00e7\u00e3o. Ent\u00e3o, se conseguirmos um resultado um pouco melhor do que o sexto lugar, quem sabe at\u00e9 ficar entre os cinco primeiros em algum momento, seria realmente muito bom.\u201d<\/em><\/p>\n\n\n\n<h3 class=\"wp-block-heading\" id=\"h-big-changes-in-formula-e\"><strong>Grandes mudan\u00e7as na F\u00f3rmula E<\/strong><\/h3>\n\n\n\n<p>O mais recente avan\u00e7o tecnol\u00f3gico na F\u00f3rmula E chega na forma do GEN4. O GEN4 ser\u00e1 utilizado pela primeira vez na pr\u00f3xima temporada. Embora Mart\u00ed ainda esteja em seu primeiro ano na categoria, a atualiza\u00e7\u00e3o ser\u00e1 empolgante para todos.<\/p>\n\n\n\n<p>Ao ser questionado sobre suas impress\u00f5es a respeito do desenvolvimento da F\u00f3rmula E, o estreante refletiu:<\/p>\n\n\n\n<p><em>\u201cO que mais me entusiasma \u00e9 que vai ser um carro muito mais r\u00e1pido. \u00c9 algo que estou ansioso para ver. Este carro tem muitos detalhes t\u00e9cnicos, mas em termos de desempenho, talvez estejamos um pouco atr\u00e1s de outros campeonatos.\u201d<\/em><\/p>\n\n\n\n<p><em>\u201cEnt\u00e3o, \u00e9 \u00f3timo ver que o carro est\u00e1 ficando mais r\u00e1pido e mais eficiente a cada ano. Acho que isso ser\u00e1 muito interessante para o campeonato, para os pilotos e, espero, tamb\u00e9m para a popularidade. Espero que os f\u00e3s gostem e que mais pessoas sejam apresentadas ao esporte.\u201d<\/em><\/p>\n\n\n\n<h3 class=\"wp-block-heading\" id=\"h-settling-into-cupra-kiro-and-formula-e\">Estabelecendo-se no CUPRA KIRO e na F\u00f3rmula E<\/h3>\n\n\n\n<p>Antes de se transferir para a F\u00f3rmula E, o espanhol impressionou na F\u00f3rmula 2 durante dois anos. Anteriormente, Mart\u00ed competiu na F\u00f3rmula 4 e na F\u00f3rmula 3 pela equipe espanhola Campos Racing. Desde os tempos do kart, Mart\u00ed demonstrava um talento impressionante.<\/p>\n\n\n\n<p>Desta vez, o estreante entrou na categoria de carros totalmente el\u00e9tricos com a equipe brit\u00e2nica CUPRA KIRO. Mudar para uma nova categoria com rostos desconhecidos e em um ambiente totalmente novo seria dif\u00edcil para qualquer piloto. No entanto, o jovem de 20 anos lidou com o desafio com eleg\u00e2ncia. Embora sua velocidade e determina\u00e7\u00e3o tenham vindo acompanhadas de alguns erros ca\u00f3ticos, o estreante aproveita cada oportunidade de aprendizado para melhorar.<\/p>\n\n\n\n<p>Questionado sobre como est\u00e1 se adaptando \u00e0 equipe e \u00e0 mudan\u00e7a para a F\u00f3rmula E, o estreante enfatizou a import\u00e2ncia de um bom relacionamento com a equipe.<\/p>\n\n\n\n<p><em>\u201cDefinitivamente melhor do que eu esperava ou imaginava. Estou na mesma equipe desde a F4 [Campos Racing], ent\u00e3o eu realmente n\u00e3o sabia o que esperar ao ir para uma nova equipe, uma equipe brit\u00e2nica, t\u00e3o diferente do que estou acostumado. Todos me receberam muito bem. Todos foram muito gentis comigo desde o in\u00edcio. Eles se esfor\u00e7aram para me ajudar a estar o mais preparado poss\u00edvel para qualquer evento ou fim de semana.\u201d<\/em><\/p>\n\n\n\n<p><em>\u201cPara ser sincero, todos est\u00e3o fazendo seu trabalho t\u00e3o bem que isso facilita o meu. Eu s\u00f3 preciso chegar no fim de semana da corrida, dar o meu melhor e tenho 100% de confian\u00e7a de que a equipe far\u00e1 um bom trabalho, o que nos trar\u00e1 bons resultados. Ent\u00e3o, honestamente, \u00e9 um \u00f3timo grupo de pessoas que trabalham muito bem.\u201d<\/em><\/p>\n\n\n\n<h3 class=\"wp-block-heading\" id=\"h-marti-s-goals-for-the-remainder-of-season-12\">Os objetivos de Marti para o restante da 12\u00aa temporada.<\/h3>\n\n\n\n<p>Ap\u00f3s seis etapas disputadas, o estreante ocupa a d\u00e9cima segunda posi\u00e7\u00e3o na classifica\u00e7\u00e3o geral, com 19 pontos. Mart\u00ed tem tido sucesso em sua temporada de estreia, demonstrando performances e ritmo impressionantes. Seu melhor resultado at\u00e9 o momento foi um sexto lugar em Jeddah, e o estreante continua ambicioso em busca de uma posi\u00e7\u00e3o melhor.<\/p>\n\n\n\n<p>Ao ser questionado sobre seus objetivos para o restante da temporada, Mart\u00ed disse que espera&nbsp;<a href=\"http:\/\/fiaformulae.com\/en\/standings\">terminar<\/a>&nbsp;entre os cinco primeiros em breve. Com evolu\u00e7\u00e3o constante e trabalho cont\u00ednuo, Mart\u00ed provavelmente alcan\u00e7ar\u00e1 essa posi\u00e7\u00e3o em um futuro pr\u00f3ximo.<\/p>\n\n\n\n<p><em>\u201cCom certeza, meu principal objetivo \u00e9 terminar entre os cinco primeiros. \u00c9 ambicioso e quero alcan\u00e7ar meus objetivos futuros. Quem sabe, um p\u00f3dio no futuro tamb\u00e9m, mas, para ser sincero, desde a primeira corrida da temporada, tenho me esfor\u00e7ado para manter o mesmo objetivo: pontuar em 50% das provas. Esse era meu principal objetivo, era nisso que eu estava focado.\u201d<\/em><\/p>\n\n\n\n<p><em>\u201cAgora que a temporada est\u00e1 se completando, pontuei em quatro das seis corridas, mas ainda faltam 11. H\u00e1 muitos fatores a serem considerados, pistas dif\u00edceis como o Jap\u00e3o, pistas dif\u00edceis como Londres, onde ser\u00e1 bem mais complicado ganhar posi\u00e7\u00f5es na corrida. N\u00e3o \u00e9 como em S\u00e3o Paulo, onde voc\u00ea pode estar em 15\u00ba e, no final da corrida, estar subindo para o top 5. Acho que vai ser bem dif\u00edcil manter esse ritmo. Ent\u00e3o, quero manter minhas expectativas relativamente baixas, dentro da m\u00e9dia, e me surpreender, porque sei que podemos fazer um bom trabalho.\u201d<\/em><\/p>\n\n\n\n<h3 class=\"wp-block-heading\" id=\"h-growth-as-a-driver-for-marti-in-formula-e\">O crescimento como fator determinante para Mart\u00ed na F\u00f3rmula E<\/h3>\n\n\n\n<p>Embora a temporada da F\u00f3rmula E ainda tenha um longo caminho a percorrer, Mart\u00ed impressionou at\u00e9 agora. Com resultados s\u00f3lidos nas primeiras etapas, o progresso constante do piloto da CUPRA KIRO certamente continuar\u00e1. Quando perguntado sobre qual foi sua maior \u00e1rea de crescimento como piloto, Mart\u00ed refletiu:<\/p>\n\n\n\n<p><em>\u201cProvavelmente a comunica\u00e7\u00e3o, porque \u00e9 muito dif\u00edcil expressar o que voc\u00ea est\u00e1 sentindo no carro, e ainda mais aqui. H\u00e1 tantos sensores, tantos sistemas que realmente refletem o que est\u00e1 acontecendo no carro. Por exemplo, se eu aciono o controle de tra\u00e7\u00e3o, ou a forma como cortamos o torque e coisas do tipo com o acelerador, ser capaz de determinar a causa e encontrar uma solu\u00e7\u00e3o \u00e9 muito, muito importante. A equipe precisa de uma boa comunica\u00e7\u00e3o do piloto para conseguir descobrir o motivo e tamb\u00e9m encontrar uma solu\u00e7\u00e3o.&nbsp;<\/em><em>Eu diria que essa \u00e9 definitivamente a coisa mais dif\u00edcil que encontrei em termos de comunica\u00e7\u00e3o com a equipe quando cheguei, e algo que melhorei muito desde ent\u00e3o.\u201d<\/em><\/p>\n\n\n\n<p>Com o in\u00edcio da temporada no E-Prix de Berlim, Mart\u00ec espera voltar \u00e0 disputa com melhores resultados e ganhos maiores.<\/p>\n\n\n\n<p><\/p>\n","protected":false},"excerpt":{"rendered":"<p>Antes do emocionante fim de semana do E-Prix de Berlim,\u00a0os jornalistas da plataforma digital Pit Debrief\u00a0conversaram com o piloto da CUPRA KIRO, Pepe Mart\u00ed, em uma entrevista exclusiva. O piloto&hellip;<\/p>\n","protected":false},"author":27,"featured_media":5170,"comment_status":"closed","ping_status":"open","sticky":false,"template":"","format":"standard","meta":{"content-type":"","_lmt_disableupdate":"","_lmt_disable":"","footnotes":"","jetpack_publicize_message":"","jetpack_publicize_feature_enabled":true,"jetpack_social_post_already_shared":true,"jetpack_social_options":{"image_generator_settings":{"template":"highway","default_image_id":0,"font":"","enabled":false},"version":2}},"categories":[29,26],"tags":[50],"class_list":["post-5169","post","type-post","status-publish","format-standard","has-post-thumbnail","hentry","category-f-e","category-nas-pistas","tag-formula-e"],"jetpack_publicize_connections":[],"_links":{"self":[{"href":"https:\/\/aovolante.tv.br\/index.php?rest_route=\/wp\/v2\/posts\/5169","targetHints":{"allow":["GET"]}}],"collection":[{"href":"https:\/\/aovolante.tv.br\/index.php?rest_route=\/wp\/v2\/posts"}],"about":[{"href":"https:\/\/aovolante.tv.br\/index.php?rest_route=\/wp\/v2\/types\/post"}],"author":[{"embeddable":true,"href":"https:\/\/aovolante.tv.br\/index.php?rest_route=\/wp\/v2\/users\/27"}],"replies":[{"embeddable":true,"href":"https:\/\/aovolante.tv.br\/index.php?rest_route=%2Fwp%2Fv2%2Fcomments&post=5169"}],"version-history":[{"count":1,"href":"https:\/\/aovolante.tv.br\/index.php?rest_route=\/wp\/v2\/posts\/5169\/revisions"}],"predecessor-version":[{"id":5171,"href":"https:\/\/aovolante.tv.br\/index.php?rest_route=\/wp\/v2\/posts\/5169\/revisions\/5171"}],"wp:featuredmedia":[{"embeddable":true,"href":"https:\/\/aovolante.tv.br\/index.php?rest_route=\/wp\/v2\/media\/5170"}],"wp:attachment":[{"href":"https:\/\/aovolante.tv.br\/index.php?rest_route=%2Fwp%2Fv2%2Fmedia&parent=5169"}],"wp:term":[{"taxonomy":"category","embeddable":true,"href":"https:\/\/aovolante.tv.br\/index.php?rest_route=%2Fwp%2Fv2%2Fcategories&post=5169"},{"taxonomy":"post_tag","embeddable":true,"href":"https:\/\/aovolante.tv.br\/index.php?rest_route=%2Fwp%2Fv2%2Ftags&post=5169"}],"curies":[{"name":"wp","href":"https:\/\/api.w.org\/{rel}","templated":true}]}}