{"id":5156,"date":"2026-05-01T22:53:23","date_gmt":"2026-05-02T01:53:23","guid":{"rendered":"https:\/\/aovolante.tv.br\/?p=5156"},"modified":"2026-05-01T22:53:24","modified_gmt":"2026-05-02T01:53:24","slug":"cinco-anos-depois-a-era-dos-hipercarros-continua-em-pleno-vigor","status":"publish","type":"post","link":"https:\/\/aovolante.tv.br\/?p=5156","title":{"rendered":"Cinco anos depois, a era dos hipercarros continua em pleno vigor"},"content":{"rendered":"<div class=\"wp-block-image\">\n<figure class=\"aligncenter size-full\"><img fetchpriority=\"high\" decoding=\"async\" width=\"730\" height=\"487\" src=\"https:\/\/aovolante.tv.br\/wp-content\/uploads\/2026\/05\/image-4.png\" alt=\"\" class=\"wp-image-5157\" srcset=\"https:\/\/aovolante.tv.br\/wp-content\/uploads\/2026\/05\/image-4.png 730w, https:\/\/aovolante.tv.br\/wp-content\/uploads\/2026\/05\/image-4-768x512.png 768w, https:\/\/aovolante.tv.br\/wp-content\/uploads\/2026\/05\/image-4-1920x1280.png 1920w, https:\/\/aovolante.tv.br\/wp-content\/uploads\/2026\/05\/image-4-585x390.png 585w, https:\/\/aovolante.tv.br\/wp-content\/uploads\/2026\/05\/image-4-263x175.png 263w\" sizes=\"(max-width: 730px) 100vw, 730px\" \/><\/figure>\n<\/div>\n\n\n<p><\/p>\n\n\n\n<p>Hoje se comemora o quinto anivers\u00e1rio da primeira corrida da era dos Hypercars, a etapa de abertura do FIA WEC de 2021 em Spa-Francorchamps.<\/p>\n\n\n<div class=\"wp-block-image\">\n<figure class=\"aligncenter\"><a href=\"https:\/\/www.dailysportscar.com\/wp-content\/uploads\/2021\/05\/8-Toyota-Gazoo-Racing-GR010-2021-WEC-Spa-5.jpg\" data-rel=\"penci-gallery-image-content\" ><img decoding=\"async\" src=\"https:\/\/www.dailysportscar.com\/wp-content\/uploads\/2021\/05\/8-Toyota-Gazoo-Racing-GR010-2021-WEC-Spa-5-690x460.jpg\" alt=\"\" class=\"wp-image-332844\"\/><\/a><\/figure>\n<\/div>\n\n\n<p>Essa corrida, em meio \u00e0s restri\u00e7\u00f5es e incertezas cont\u00ednuas em torno da pandemia de COVID-19, contou com apenas tr\u00eas carros na nova categoria principal da ACO: um par de Toyota GR010 Hybrids novinhos em folha e um Alpine A480, ex-LMP1, que j\u00e1 havia sido aprovado para a categoria.<\/p>\n\n\n<div class=\"wp-block-image\">\n<figure class=\"aligncenter\"><a href=\"https:\/\/www.dailysportscar.com\/wp-content\/uploads\/2021\/05\/36-Alpine-Endurance-Team-A480-Gibson-2021-WEC-Spa-6.jpg\" data-rel=\"penci-gallery-image-content\" ><img decoding=\"async\" src=\"https:\/\/www.dailysportscar.com\/wp-content\/uploads\/2021\/05\/36-Alpine-Endurance-Team-A480-Gibson-2021-WEC-Spa-6-690x388.jpg\" alt=\"\" class=\"wp-image-332845\"\/><\/a><\/figure>\n<\/div>\n\n\n<p>O antigo carro da Rebellion, projetado como uma ponte para a Alpine at\u00e9 que seu &#8220;verdadeiro&#8221; hipercarro, o A424, terminaria em segundo lugar, atr\u00e1s do Toyota #8 de S\u00e9bastien Buemi, Brendon Hartley e Kazuki Nakajima, com o Toyota #7, que teve seu lan\u00e7amento atrasado, completando o p\u00f3dio geral.<\/p>\n\n\n<div class=\"wp-block-image\">\n<figure class=\"aligncenter\"><img decoding=\"async\" src=\"https:\/\/www.dailysportscar.com\/wp-content\/uploads\/2021\/08\/709_Glickenhaus_Le_Mans_Test_Day-690x460.jpg\" alt=\"\" class=\"wp-image-353110\"\/><\/figure>\n<\/div>\n\n\n<p>Glickenhaus aumentaria o n\u00famero de carros e a variedade na temporada de estreia a partir da segunda etapa, com dois carros tanto em Monza quanto em Le Mans, com a Peugeot se juntando em meados de 2022, antes de uma onda de outras equipes!<\/p>\n\n\n\n<p>O conjunto de regras teve uma origem problem\u00e1tica, com grandes altera\u00e7\u00f5es feitas para acomodar um projeto planejado para o Aston Martin Valkyrie que n\u00e3o se concretizou como previsto, o programa atual da LMH foi bastante alterado e ocorreu muito mais tarde!<\/p>\n\n\n\n<p>Seguiu-se, no entanto, um esfor\u00e7o not\u00e1vel para encontrar uma forma de acelerar o desenvolvimento de uma categoria principal favor\u00e1vel aos fabricantes, atrav\u00e9s de uma alian\u00e7a com a IMSA para incorporar o regulamento LMDh numa classe Hypercar com desempenho equilibrado, ao lado dos carros com regras LMH, e uma estrutura concebida para impor restri\u00e7\u00f5es significativas \u00e0 necessidade de acelerar os custos de desenvolvimento.<\/p>\n\n\n\n<p>Isso fez com que o trio de carros na primeira corrida se expandisse para um m\u00e1ximo de cinco na temporada de abertura, seis em 2022, chegando a um impressionante n\u00famero de 16 em Le Mans no ano do centen\u00e1rio da corrida em 2023 (o ano de lan\u00e7amento da classe GTP similar da IMSA) e incr\u00edveis 23 no ano seguinte em Le Sarthe.<\/p>\n\n\n\n<p>Embora a geopol\u00edtica e as realidades fiscais, al\u00e9m do impacto de algumas escolhas regulat\u00f3rias, tenham levado \u00e0 entrada e sa\u00edda de algumas equipes, existem planos anunciados para que a McLaren e a Ford se juntem \u00e0 categoria antes do t\u00e9rmino previsto do atual ciclo de regras, em 2030, e pelo menos mais uma equipe provavelmente far\u00e1 o mesmo.<\/p>\n\n\n\n<p>Independentemente das not\u00edcias que surgirem nos pr\u00f3ximos dias, semanas e meses, a Hypercar tem sido uma jornada notavelmente bem-sucedida para as corridas de carros esportivos.<\/p>\n","protected":false},"excerpt":{"rendered":"<p>Hoje se comemora o quinto anivers\u00e1rio da primeira corrida da era dos Hypercars, a etapa de abertura do FIA WEC de 2021 em Spa-Francorchamps. Essa corrida, em meio \u00e0s restri\u00e7\u00f5es&hellip;<\/p>\n","protected":false},"author":21,"featured_media":5157,"comment_status":"closed","ping_status":"open","sticky":false,"template":"","format":"standard","meta":{"content-type":"","_lmt_disableupdate":"","_lmt_disable":"","footnotes":"","jetpack_publicize_message":"","jetpack_publicize_feature_enabled":true,"jetpack_social_post_already_shared":true,"jetpack_social_options":{"image_generator_settings":{"template":"highway","default_image_id":0,"font":"","enabled":false},"version":2}},"categories":[32,26,33],"tags":[57,58],"class_list":["post-5156","post","type-post","status-publish","format-standard","has-post-thumbnail","hentry","category-endurance","category-nas-pistas","category-wec","tag-endurance","tag-wec"],"jetpack_publicize_connections":[],"_links":{"self":[{"href":"https:\/\/aovolante.tv.br\/index.php?rest_route=\/wp\/v2\/posts\/5156","targetHints":{"allow":["GET"]}}],"collection":[{"href":"https:\/\/aovolante.tv.br\/index.php?rest_route=\/wp\/v2\/posts"}],"about":[{"href":"https:\/\/aovolante.tv.br\/index.php?rest_route=\/wp\/v2\/types\/post"}],"author":[{"embeddable":true,"href":"https:\/\/aovolante.tv.br\/index.php?rest_route=\/wp\/v2\/users\/21"}],"replies":[{"embeddable":true,"href":"https:\/\/aovolante.tv.br\/index.php?rest_route=%2Fwp%2Fv2%2Fcomments&post=5156"}],"version-history":[{"count":1,"href":"https:\/\/aovolante.tv.br\/index.php?rest_route=\/wp\/v2\/posts\/5156\/revisions"}],"predecessor-version":[{"id":5158,"href":"https:\/\/aovolante.tv.br\/index.php?rest_route=\/wp\/v2\/posts\/5156\/revisions\/5158"}],"wp:featuredmedia":[{"embeddable":true,"href":"https:\/\/aovolante.tv.br\/index.php?rest_route=\/wp\/v2\/media\/5157"}],"wp:attachment":[{"href":"https:\/\/aovolante.tv.br\/index.php?rest_route=%2Fwp%2Fv2%2Fmedia&parent=5156"}],"wp:term":[{"taxonomy":"category","embeddable":true,"href":"https:\/\/aovolante.tv.br\/index.php?rest_route=%2Fwp%2Fv2%2Fcategories&post=5156"},{"taxonomy":"post_tag","embeddable":true,"href":"https:\/\/aovolante.tv.br\/index.php?rest_route=%2Fwp%2Fv2%2Ftags&post=5156"}],"curies":[{"name":"wp","href":"https:\/\/api.w.org\/{rel}","templated":true}]}}