{"id":5144,"date":"2026-04-29T23:30:32","date_gmt":"2026-04-30T02:30:32","guid":{"rendered":"https:\/\/aovolante.tv.br\/?p=5144"},"modified":"2026-04-29T23:30:34","modified_gmt":"2026-04-30T02:30:34","slug":"a-cupra-kiro-da-formula-e-busca-estender-sua-sequencia-de-dois-pontos-em-berlim","status":"publish","type":"post","link":"https:\/\/aovolante.tv.br\/?p=5144","title":{"rendered":"A Cupra Kiro da F\u00f3rmula E busca estender sua sequ\u00eancia de dois pontos em Berlim"},"content":{"rendered":"<div class=\"wp-block-image\">\n<figure class=\"aligncenter size-full\"><img fetchpriority=\"high\" decoding=\"async\" width=\"1200\" height=\"800\" src=\"https:\/\/aovolante.tv.br\/wp-content\/uploads\/2026\/04\/image-250.png\" alt=\"\" class=\"wp-image-5145\" srcset=\"https:\/\/aovolante.tv.br\/wp-content\/uploads\/2026\/04\/image-250.png 1200w, https:\/\/aovolante.tv.br\/wp-content\/uploads\/2026\/04\/image-250-768x512.png 768w, https:\/\/aovolante.tv.br\/wp-content\/uploads\/2026\/04\/image-250-1920x1280.png 1920w, https:\/\/aovolante.tv.br\/wp-content\/uploads\/2026\/04\/image-250-1170x780.png 1170w, https:\/\/aovolante.tv.br\/wp-content\/uploads\/2026\/04\/image-250-585x390.png 585w, https:\/\/aovolante.tv.br\/wp-content\/uploads\/2026\/04\/image-250-263x175.png 263w\" sizes=\"(max-width: 1200px) 100vw, 1200px\" \/><\/figure>\n<\/div>\n\n\n<p><\/p>\n\n\n\n<p>Ap\u00f3s uma atua\u00e7\u00e3o impressionante em ambos os lados da garagem da Cupra Kiro em\u00a0Madri\u00a0, a equipe de F\u00f3rmula E se prepara para um novo desafio em Berlim. De fato, durante o \u00faltimo fim de semana de corridas, Dan Ticktum e Pepe Mart\u00ed lutaram arduamente para garantir os melhores resultados finais.<\/p>\n\n\n\n<h3 class=\"wp-block-heading\" id=\"h-second-point-finish-in-a-row-for-ticktum\">Ticktum conquista sua segunda pontua\u00e7\u00e3o consecutiva.<\/h3>\n\n\n\n<p>Dan Ticktum lutou bravamente para chegar \u00e0 disputa do p\u00f3dio, chegando at\u00e9 a liderar a corrida no final. No entanto, o ex-piloto da Academia da Red Bull acabou cedendo as posi\u00e7\u00f5es do p\u00f3dio para os pilotos\u00a0da Jaguar\u00a0e para seu colega Pascal Wehrlein, que tamb\u00e9m pilotava um Porsche.<\/p>\n\n\n\n<p>No entanto,\u00a0o quarto lugar\u00a0e o segundo resultado entre os cinco primeiros consecutivos, ap\u00f3s um in\u00edcio de temporada 2025-2026 da F\u00f3rmula E um tanto complicado, s\u00e3o definitivamente um sinal encorajador para o piloto da Cupra Kiro antes da rodada dupla de Berlim. Ticktum admitiu que, considerando seu ritmo recente, est\u00e1 ansioso pela corrida, apesar de n\u00e3o gostar do tra\u00e7ado da pista.<\/p>\n\n\n\n<p>\u201c&nbsp;<em>Berlim \u00e9 um lugar muito legal, e embora Tempelhof seja um dos meus circuitos menos favoritos no calend\u00e1rio, \u00e9 um local e um ambiente que eu gosto muito. Na temporada passada, mostramos que temos potencial para sermos bastante fortes l\u00e1 durante o fim de semana, e depois do bom resultado em Madri, estou realmente esperando aproveitar nosso embalo e consist\u00eancia na Alemanha, somando mais pontos.\u201d<\/em><\/p>\n\n\n\n<h3 class=\"wp-block-heading\" id=\"h-a-new-track-for-rookie-marti\">Uma nova faixa para o estreante Mart\u00ec<\/h3>\n\n\n\n<p>O jovem espanhol pontuou pela quarta vez este ano na \u00faltima etapa realizada em Madri. O impacto de Mart\u00ed como estreante tem sido um grande trunfo para a Cupra Kiro, com suas atua\u00e7\u00f5es s\u00f3lidas e sua consist\u00eancia dignas de nota, e ele pretende continuar seu aprendizado em Berlim.<\/p>\n\n\n\n<p>\u201c&nbsp;<em>Estou muito animado para Berlim e, depois de uma longa pausa e de ter conquistado mais uma dobradinha nos pontos em Madrid, mal posso esperar para voltar ao volante. Com duas corridas acontecendo, este fim de semana promete ser bastante agitado e, dadas as caracter\u00edsticas \u00fanicas de Berlim, acho que ser\u00e1 um aprendizado constante. Apesar disso, espero que possamos conseguir bons resultados em ambas as corridas.\u201d<\/em><\/p>\n\n\n\n<h3 class=\"wp-block-heading\" id=\"h-high-team-expectations-in-berlin-for-cupra-kiro-formula-e\">Grandes expectativas para a equipe Cupra Kiro na F\u00f3rmula E em Berlim.<\/h3>\n\n\n\n<p>A Cupra Kiro conseguiu somar 32 pontos nas duas \u00faltimas corridas, o maior n\u00famero entre todas as equipes da F\u00f3rmula E, com exce\u00e7\u00e3o da Jaguar, e certamente buscar\u00e1 oportunidades para melhorar essa estat\u00edstica em Berlim.<\/p>\n\n\n\n<p>Segundo a plataforma Pit Debrief, o chefe de equipe Russell O&#8217;Hara falou sobre os desafios que aguardam seus pilotos na pr\u00f3xima rodada dupla na Alemanha, bem como sobre a melhora de desempenho observada nas \u00faltimas etapas.<\/p>\n\n\n\n<p>\u201c&nbsp;<em>Estou ansioso para o rein\u00edcio da temporada ap\u00f3s um intervalo maior do que o habitual desde o jogo em Madrid. Depois de um in\u00edcio de ano relativamente intenso, aproveitamos a pausa para consolidar tudo o que aprendemos na fase inicial da temporada e para definir algumas metas revisadas e ambiciosas.\u201d<\/em><\/p>\n\n\n\n<p>Na opini\u00e3o dele, os estilos de pilotagem de Ticktum e Mart\u00ed se adaptam bem \u00e0 pista lend\u00e1ria, embora ele reconhe\u00e7a que ser\u00e1 um batismo de fogo para os jovens talentos vindos da F\u00f3rmula 2.<\/p>\n\n\n\n<p>\u201c&nbsp;<em>Berlim \u00e9 o local perfeito para come\u00e7ar o que \u00e9 efetivamente a segunda metade do ano, e \u00e9 uma pista que conhecemos extremamente bem. Dan, em particular, mostrou um ritmo forte em Tempelhof no ano passado, largando na primeira fila, mas ser\u00e1 uma experi\u00eancia nova para Pepe porque, embora entendamos bem o circuito, ele \u00e9 \u00fanico e diferente de tudo em que ele j\u00e1 correu.\u201d<\/em><\/p>\n\n\n\n<p>\u201c&nbsp;<em>Com base no desempenho que temos demonstrado, sabemos que somos capazes de alcan\u00e7ar resultados expressivos e estamos cada vez mais perto disso. Depois de termos ficado t\u00e3o perto em Madrid, parece que \u00e9 apenas uma quest\u00e3o de tempo at\u00e9 voltarmos a lutar por um lugar no p\u00f3dio, e com quase 60% da temporada ainda pela frente, h\u00e1 muito a conquistar.\u201d<\/em><\/p>\n","protected":false},"excerpt":{"rendered":"<p>Ap\u00f3s uma atua\u00e7\u00e3o impressionante em ambos os lados da garagem da Cupra Kiro em\u00a0Madri\u00a0, a equipe de F\u00f3rmula E se prepara para um novo desafio em Berlim. De fato, durante&hellip;<\/p>\n","protected":false},"author":27,"featured_media":5145,"comment_status":"closed","ping_status":"open","sticky":false,"template":"","format":"standard","meta":{"content-type":"","_lmt_disableupdate":"","_lmt_disable":"","footnotes":"","jetpack_publicize_message":"","jetpack_publicize_feature_enabled":true,"jetpack_social_post_already_shared":true,"jetpack_social_options":{"image_generator_settings":{"template":"highway","default_image_id":0,"font":"","enabled":false},"version":2}},"categories":[29,26],"tags":[50],"class_list":["post-5144","post","type-post","status-publish","format-standard","has-post-thumbnail","hentry","category-f-e","category-nas-pistas","tag-formula-e"],"jetpack_publicize_connections":[],"_links":{"self":[{"href":"https:\/\/aovolante.tv.br\/index.php?rest_route=\/wp\/v2\/posts\/5144","targetHints":{"allow":["GET"]}}],"collection":[{"href":"https:\/\/aovolante.tv.br\/index.php?rest_route=\/wp\/v2\/posts"}],"about":[{"href":"https:\/\/aovolante.tv.br\/index.php?rest_route=\/wp\/v2\/types\/post"}],"author":[{"embeddable":true,"href":"https:\/\/aovolante.tv.br\/index.php?rest_route=\/wp\/v2\/users\/27"}],"replies":[{"embeddable":true,"href":"https:\/\/aovolante.tv.br\/index.php?rest_route=%2Fwp%2Fv2%2Fcomments&post=5144"}],"version-history":[{"count":1,"href":"https:\/\/aovolante.tv.br\/index.php?rest_route=\/wp\/v2\/posts\/5144\/revisions"}],"predecessor-version":[{"id":5146,"href":"https:\/\/aovolante.tv.br\/index.php?rest_route=\/wp\/v2\/posts\/5144\/revisions\/5146"}],"wp:featuredmedia":[{"embeddable":true,"href":"https:\/\/aovolante.tv.br\/index.php?rest_route=\/wp\/v2\/media\/5145"}],"wp:attachment":[{"href":"https:\/\/aovolante.tv.br\/index.php?rest_route=%2Fwp%2Fv2%2Fmedia&parent=5144"}],"wp:term":[{"taxonomy":"category","embeddable":true,"href":"https:\/\/aovolante.tv.br\/index.php?rest_route=%2Fwp%2Fv2%2Fcategories&post=5144"},{"taxonomy":"post_tag","embeddable":true,"href":"https:\/\/aovolante.tv.br\/index.php?rest_route=%2Fwp%2Fv2%2Ftags&post=5144"}],"curies":[{"name":"wp","href":"https:\/\/api.w.org\/{rel}","templated":true}]}}