{"id":5141,"date":"2026-04-29T23:26:08","date_gmt":"2026-04-30T02:26:08","guid":{"rendered":"https:\/\/aovolante.tv.br\/?p=5141"},"modified":"2026-04-29T23:26:10","modified_gmt":"2026-04-30T02:26:10","slug":"deletraz-adicionado-a-lista-de-pilotos-da-jota-para-spa","status":"publish","type":"post","link":"https:\/\/aovolante.tv.br\/?p=5141","title":{"rendered":"Deletraz adicionado \u00e0 lista de pilotos da JOTA para Spa"},"content":{"rendered":"<div class=\"wp-block-image\">\n<figure class=\"aligncenter size-full\"><img fetchpriority=\"high\" decoding=\"async\" width=\"730\" height=\"487\" src=\"https:\/\/aovolante.tv.br\/wp-content\/uploads\/2026\/04\/image-249.png\" alt=\"\" class=\"wp-image-5142\" srcset=\"https:\/\/aovolante.tv.br\/wp-content\/uploads\/2026\/04\/image-249.png 730w, https:\/\/aovolante.tv.br\/wp-content\/uploads\/2026\/04\/image-249-768x512.png 768w, https:\/\/aovolante.tv.br\/wp-content\/uploads\/2026\/04\/image-249-1920x1280.png 1920w, https:\/\/aovolante.tv.br\/wp-content\/uploads\/2026\/04\/image-249-585x390.png 585w, https:\/\/aovolante.tv.br\/wp-content\/uploads\/2026\/04\/image-249-263x175.png 263w\" sizes=\"(max-width: 730px) 100vw, 730px\" \/><\/figure>\n<\/div>\n\n\n<p><\/p>\n\n\n\n<p>O piloto Louis Deletraz, da Cadillac Wayne Taylor Racing na categoria IMSA GTP, entrar\u00e1 em campo para competir nas 6 Horas de Spa no pr\u00f3ximo m\u00eas a bordo do Cadillac Hertz Team JOTA V-Series.R #12.<\/p>\n\n\n\n<p>Deletraz junta-se \u00e0 equipe brit\u00e2nica para competir no lugar normalmente ocupado por Alex Lynn, que est\u00e1\u00a0se recuperando de um procedimento cir\u00fargico\u00a0para corrigir um problema cr\u00f4nico no pesco\u00e7o. A expectativa \u00e9 que Lynn retorne \u00e0 equipe a tempo das 24 Horas de Le Mans, em junho.<\/p>\n\n\n\n<p>O su\u00ed\u00e7o de 28 anos dividir\u00e1 o carro #12 com os pilotos titulares Will Stevens e Norman Nato. Ser\u00e1 sua primeira largada no WEC fora de Le Mans desde a \u00faltima etapa da temporada de 2023, quando competiu pela equipe WRT na categoria LMP2 e conquistou o t\u00edtulo ao lado de Robert Kubica e Rui Andrade.<\/p>\n\n\n\n<p>A equipe irm\u00e3, #38 V-Series.R, por sua vez, recebe Jack Aitken pela primeira vez em 2026, juntando-se a Earl Bamber e S\u00e9bastien Bourdais. Aitken n\u00e3o p\u00f4de participar da abertura da temporada em \u00cdmola devido ao conflito de datas com a etapa da IMSA em Long Beach, onde competia pela Action Express Racing.<\/p>\n","protected":false},"excerpt":{"rendered":"<p>O piloto Louis Deletraz, da Cadillac Wayne Taylor Racing na categoria IMSA GTP, entrar\u00e1 em campo para competir nas 6 Horas de Spa no pr\u00f3ximo m\u00eas a bordo do Cadillac&hellip;<\/p>\n","protected":false},"author":21,"featured_media":5142,"comment_status":"closed","ping_status":"open","sticky":false,"template":"","format":"standard","meta":{"content-type":"","_lmt_disableupdate":"","_lmt_disable":"","footnotes":"","jetpack_publicize_message":"","jetpack_publicize_feature_enabled":true,"jetpack_social_post_already_shared":true,"jetpack_social_options":{"image_generator_settings":{"template":"highway","default_image_id":0,"font":"","enabled":false},"version":2}},"categories":[32,26,33],"tags":[57,58],"class_list":["post-5141","post","type-post","status-publish","format-standard","has-post-thumbnail","hentry","category-endurance","category-nas-pistas","category-wec","tag-endurance","tag-wec"],"jetpack_publicize_connections":[],"_links":{"self":[{"href":"https:\/\/aovolante.tv.br\/index.php?rest_route=\/wp\/v2\/posts\/5141","targetHints":{"allow":["GET"]}}],"collection":[{"href":"https:\/\/aovolante.tv.br\/index.php?rest_route=\/wp\/v2\/posts"}],"about":[{"href":"https:\/\/aovolante.tv.br\/index.php?rest_route=\/wp\/v2\/types\/post"}],"author":[{"embeddable":true,"href":"https:\/\/aovolante.tv.br\/index.php?rest_route=\/wp\/v2\/users\/21"}],"replies":[{"embeddable":true,"href":"https:\/\/aovolante.tv.br\/index.php?rest_route=%2Fwp%2Fv2%2Fcomments&post=5141"}],"version-history":[{"count":1,"href":"https:\/\/aovolante.tv.br\/index.php?rest_route=\/wp\/v2\/posts\/5141\/revisions"}],"predecessor-version":[{"id":5143,"href":"https:\/\/aovolante.tv.br\/index.php?rest_route=\/wp\/v2\/posts\/5141\/revisions\/5143"}],"wp:featuredmedia":[{"embeddable":true,"href":"https:\/\/aovolante.tv.br\/index.php?rest_route=\/wp\/v2\/media\/5142"}],"wp:attachment":[{"href":"https:\/\/aovolante.tv.br\/index.php?rest_route=%2Fwp%2Fv2%2Fmedia&parent=5141"}],"wp:term":[{"taxonomy":"category","embeddable":true,"href":"https:\/\/aovolante.tv.br\/index.php?rest_route=%2Fwp%2Fv2%2Fcategories&post=5141"},{"taxonomy":"post_tag","embeddable":true,"href":"https:\/\/aovolante.tv.br\/index.php?rest_route=%2Fwp%2Fv2%2Ftags&post=5141"}],"curies":[{"name":"wp","href":"https:\/\/api.w.org\/{rel}","templated":true}]}}