{"id":5138,"date":"2026-04-29T23:24:46","date_gmt":"2026-04-30T02:24:46","guid":{"rendered":"https:\/\/aovolante.tv.br\/?p=5138"},"modified":"2026-04-29T23:24:48","modified_gmt":"2026-04-30T02:24:48","slug":"muller-junta-se-a-inter-europol-para-le-mans","status":"publish","type":"post","link":"https:\/\/aovolante.tv.br\/?p=5138","title":{"rendered":"M\u00fcller junta-se \u00e0 Inter Europol para Le Mans"},"content":{"rendered":"<div class=\"wp-block-image\">\n<figure class=\"aligncenter size-full\"><img fetchpriority=\"high\" decoding=\"async\" width=\"730\" height=\"487\" src=\"https:\/\/aovolante.tv.br\/wp-content\/uploads\/2026\/04\/image-248.png\" alt=\"\" class=\"wp-image-5139\" srcset=\"https:\/\/aovolante.tv.br\/wp-content\/uploads\/2026\/04\/image-248.png 730w, https:\/\/aovolante.tv.br\/wp-content\/uploads\/2026\/04\/image-248-768x512.png 768w, https:\/\/aovolante.tv.br\/wp-content\/uploads\/2026\/04\/image-248-1920x1280.png 1920w, https:\/\/aovolante.tv.br\/wp-content\/uploads\/2026\/04\/image-248-585x390.png 585w, https:\/\/aovolante.tv.br\/wp-content\/uploads\/2026\/04\/image-248-263x175.png 263w\" sizes=\"(max-width: 730px) 100vw, 730px\" \/><\/figure>\n<\/div>\n\n\n<p><\/p>\n\n\n\n<p>A Inter Europol Competition anunciou que o piloto de f\u00e1brica da Porsche, Nico M\u00fcller, se juntar\u00e1 \u00e0 equipe para as 24 Horas de Le Mans deste ano.<\/p>\n\n\n\n<p>O piloto su\u00ed\u00e7o competir\u00e1 com seu ORECA 07 \u2013 Gibson LMP2 n\u00ba 343 ao lado de Bijoy Garg e Reshad De Gerus, que correm juntos na European Le Mans Series.<\/p>\n\n\n\n<p>A \u00faltima vez que M\u00fcller competiu na categoria LMP2 foi em 2022, quando disputou quatro etapas do Campeonato Mundial de Endurance da FIA com a Vector Sport, incluindo sua estreia em Le Mans.<\/p>\n\n\n\n<p>No final de 2022, o piloto de 34 anos mudou-se para a Peugeot TotalEnergies, onde passou duas temporadas competindo com o hipercarro 9&#215;8. Sua participa\u00e7\u00e3o mais recente em um carro esportivo foi nas 6 Horas de Spa de 2025, em uma \u00fanica apari\u00e7\u00e3o pela Porsche, sua atual equipe, com quem compete na F\u00f3rmula E.<\/p>\n\n\n\n<p>\u201cEstou muito animado por participar da Inter Europol Competition ao lado de Bijoy e Reshad, naquela que \u00e9 a maior corrida do ano\u201d, disse M\u00fcller.<\/p>\n\n\n\n<p>\u201cAs 24 Horas de Le Mans est\u00e3o sempre no topo da lista de desejos de qualquer piloto, e \u00e9 \u00f3timo estar de volta. J\u00e1 tendo competido em Le Mans tanto na categoria Hypercar quanto na LMP2, estou animado para lutar pela vit\u00f3ria na LMP2 com meus companheiros de equipe. Tamb\u00e9m \u00e9 fant\u00e1stico trabalhar com uma equipe t\u00e3o vitoriosa em Le Mans, e estou pronto para dar tudo de mim.\u201d<\/p>\n\n\n\n<p>O chefe de equipe Sascha Fassbender comentou: \u201cEstou muito feliz em confirmar Nico como nosso terceiro piloto para Le Mans. Com nossa dupla titular da temporada completa, Bijoy e Reshad, j\u00e1 mostramos que eles formam uma dupla forte. A chegada de Nico para Le Mans nos d\u00e1 uma forma\u00e7\u00e3o muito s\u00f3lida e a possibilidade de ter dois carros competitivos, ambos capazes de lutar pela vit\u00f3ria. Estou realmente ansioso por isso.\u201d<\/p>\n\n\n\n<p>O ORECA #343 far\u00e1 parte da dupla da Inter Europol Competition na corrida deste ano, com a equipe buscando a terceira vit\u00f3ria consecutiva na categoria LMP2. Os vencedores de 2025, Tom Dillmann, Jakub Smiechowski e Nick Yelloly, defender\u00e3o seu t\u00edtulo juntos no ORECA #43.<\/p>\n\n\n\n<p>As 24 Horas de Le Mans de 2026 ser\u00e3o realizadas de 10 a 14 de junho de 2026.<\/p>\n\n\n\n<p><em>Imagem cedida pela Inter Europol Competition<\/em><\/p>\n","protected":false},"excerpt":{"rendered":"<p>A Inter Europol Competition anunciou que o piloto de f\u00e1brica da Porsche, Nico M\u00fcller, se juntar\u00e1 \u00e0 equipe para as 24 Horas de Le Mans deste ano. O piloto su\u00ed\u00e7o&hellip;<\/p>\n","protected":false},"author":21,"featured_media":5139,"comment_status":"closed","ping_status":"open","sticky":false,"template":"","format":"standard","meta":{"content-type":"","_lmt_disableupdate":"","_lmt_disable":"","footnotes":"","jetpack_publicize_message":"","jetpack_publicize_feature_enabled":true,"jetpack_social_post_already_shared":true,"jetpack_social_options":{"image_generator_settings":{"template":"highway","default_image_id":0,"font":"","enabled":false},"version":2}},"categories":[32,26,33],"tags":[57,58],"class_list":["post-5138","post","type-post","status-publish","format-standard","has-post-thumbnail","hentry","category-endurance","category-nas-pistas","category-wec","tag-endurance","tag-wec"],"jetpack_publicize_connections":[],"_links":{"self":[{"href":"https:\/\/aovolante.tv.br\/index.php?rest_route=\/wp\/v2\/posts\/5138","targetHints":{"allow":["GET"]}}],"collection":[{"href":"https:\/\/aovolante.tv.br\/index.php?rest_route=\/wp\/v2\/posts"}],"about":[{"href":"https:\/\/aovolante.tv.br\/index.php?rest_route=\/wp\/v2\/types\/post"}],"author":[{"embeddable":true,"href":"https:\/\/aovolante.tv.br\/index.php?rest_route=\/wp\/v2\/users\/21"}],"replies":[{"embeddable":true,"href":"https:\/\/aovolante.tv.br\/index.php?rest_route=%2Fwp%2Fv2%2Fcomments&post=5138"}],"version-history":[{"count":1,"href":"https:\/\/aovolante.tv.br\/index.php?rest_route=\/wp\/v2\/posts\/5138\/revisions"}],"predecessor-version":[{"id":5140,"href":"https:\/\/aovolante.tv.br\/index.php?rest_route=\/wp\/v2\/posts\/5138\/revisions\/5140"}],"wp:featuredmedia":[{"embeddable":true,"href":"https:\/\/aovolante.tv.br\/index.php?rest_route=\/wp\/v2\/media\/5139"}],"wp:attachment":[{"href":"https:\/\/aovolante.tv.br\/index.php?rest_route=%2Fwp%2Fv2%2Fmedia&parent=5138"}],"wp:term":[{"taxonomy":"category","embeddable":true,"href":"https:\/\/aovolante.tv.br\/index.php?rest_route=%2Fwp%2Fv2%2Fcategories&post=5138"},{"taxonomy":"post_tag","embeddable":true,"href":"https:\/\/aovolante.tv.br\/index.php?rest_route=%2Fwp%2Fv2%2Ftags&post=5138"}],"curies":[{"name":"wp","href":"https:\/\/api.w.org\/{rel}","templated":true}]}}