{"id":5113,"date":"2026-04-29T23:00:01","date_gmt":"2026-04-30T02:00:01","guid":{"rendered":"https:\/\/aovolante.tv.br\/?p=5113"},"modified":"2026-04-29T23:00:06","modified_gmt":"2026-04-30T02:00:06","slug":"alex-palou-busca-mais-um-maio-perfeito","status":"publish","type":"post","link":"https:\/\/aovolante.tv.br\/?p=5113","title":{"rendered":"Alex Palou busca mais um maio perfeito"},"content":{"rendered":"<div class=\"wp-block-image\">\n<figure class=\"aligncenter size-full\"><img fetchpriority=\"high\" decoding=\"async\" width=\"1000\" height=\"563\" src=\"https:\/\/aovolante.tv.br\/wp-content\/uploads\/2026\/04\/image-239.png\" alt=\"\" class=\"wp-image-5114\" srcset=\"https:\/\/aovolante.tv.br\/wp-content\/uploads\/2026\/04\/image-239.png 1000w, https:\/\/aovolante.tv.br\/wp-content\/uploads\/2026\/04\/image-239-768x432.png 768w, https:\/\/aovolante.tv.br\/wp-content\/uploads\/2026\/04\/image-239-1920x1080.png 1920w, https:\/\/aovolante.tv.br\/wp-content\/uploads\/2026\/04\/image-239-585x329.png 585w\" sizes=\"(max-width: 1000px) 100vw, 1000px\" \/><\/figure>\n<\/div>\n\n\n<p><\/p>\n\n\n\n<p>Se \u00e9 verdade que uma imagem vale mais que mil palavras, Alex Palou acumulou a sua cota esta semana como o atual campe\u00e3o das 500 Milhas de Indian\u00e1polis apresentadas pela Gainbridge.<\/p>\n\n\n\n<p>Uma imagem de Palou vencendo a corrida do ano passado adorna a entrada do Port\u00e3o 2 do Indianapolis Motor Speedway, na 16th Street, e o piloto da Chip Ganassi Racing disse que j\u00e1 aproveitou mais de uma oportunidade para tirar uma foto enquanto passava por ali.<\/p>\n\n\n\n<p>Sobre a \u00faltima foto tirada na v\u00e9spera do teste aberto de dois dias das 500 Milhas de Indian\u00e1polis, ele disse com um grande sorriso: &#8220;Enviei para meus pais (na Espanha)&#8221;.<\/p>\n\n\n\n<p>J\u00e1 dentro da pista hist\u00f3rica, Palou (foto acima) disse que ainda n\u00e3o se sentiu como o campe\u00e3o que retorna \u2013 pelo menos n\u00e3o ainda. O motivo? Sem a presen\u00e7a de f\u00e3s no Gasoline Alley e nos boxes, o teste pareceu, basicamente, um teste. Os port\u00f5es abrem de vez no m\u00eas que vem, e \u00e9 a\u00ed que ele espera sentir que a coisa vai ficar s\u00e9ria.<\/p>\n\n\n\n<p>\u201cEsta era (praticamente) uma pista vazia\u201d, disse ele. \u201cO que torna (as \u201c500\u201d) t\u00e3o especial e faz com que os vencedores se sintam ainda mais especiais s\u00e3o todas as pessoas, os f\u00e3s.\u201d<\/p>\n\n\n\n<p>Palou tentar\u00e1 se tornar o s\u00e9timo piloto a vencer as 500 Milhas de Indian\u00e1polis em anos consecutivos. Josef Newgarden foi o \u00faltimo a conseguir tal feito, em 2024. Os outros pilotos que venceram em anos consecutivos foram Wilbur Shaw (1939, 1940), Mauri Rose (1947, 1948), Bill Vukovich (1953, 1954), Al Unser (1970, 1971) e Helio Castroneves (2001, 2002).<\/p>\n\n\n\n<p>Palou ter\u00e1 uma chance t\u00e3o boa quanto qualquer outro piloto na hist\u00f3ria. Al\u00e9m de liderar a pontua\u00e7\u00e3o da NTT INDYCAR SERIES na busca por um quarto t\u00edtulo consecutivo, igualando o recorde, e o quinto em seis anos, a m\u00e9dia de chegada de Palou como piloto da Ganassi \u00e9 a melhor deste grid de 33 pilotos.<\/p>\n\n\n\n<p>Nos \u00faltimos cinco anos, Palou tem uma m\u00e9dia de chegada de 4,2, e ningu\u00e9m mais chega perto de alcan\u00e7ar essa marca. Santino Ferrucci tem a segunda melhor m\u00e9dia de chegada nesse per\u00edodo, com 6,4.<\/p>\n\n\n\n<p>Pato O&#8217;Ward provavelmente desafiaria Palou se n\u00e3o fosse pelo acidente na corrida de 2023, quando tentou recuperar o segundo lugar de Marcus Ericsson. A m\u00e9dia de chegada de O&#8217;Ward nos \u00faltimos cinco anos \u00e9 de 7,0, mas sem aquele incidente na curva 3, sua m\u00e9dia nos outros quatro anos seria de 2,75.<\/p>\n\n\n\n<figure class=\"wp-block-image\"><img decoding=\"async\" src=\"https:\/\/www.indycar.com\/-\/media\/IndyCar\/News\/Standard\/2026\/04\/04-29-Rossi.jpg\" alt=\"Alexandre Rossi\"\/><\/figure>\n\n\n\n<h3 class=\"wp-block-heading\"><strong>Rossi de olho no anivers\u00e1rio da vit\u00f3ria<\/strong><\/h3>\n\n\n\n<p>Este ano marca o 10\u00ba anivers\u00e1rio da vit\u00f3ria de Alexander Rossi nas 500 Milhas de Indian\u00e1polis em 2016. Ele era um estreante naquele ano pela equipe Andretti Autosport.<\/p>\n\n\n\n<p>Este ser\u00e1 o segundo ano de Rossi com a ECR, uma equipe que se destacou nas 500 Milhas de Indian\u00e1polis nos \u00faltimos anos, conquistando a pole position tr\u00eas vezes e terminando em segundo lugar na edi\u00e7\u00e3o de 2018 com o piloto e propriet\u00e1rio Ed Carpenter. No ano passado, todos os tr\u00eas pilotos da ECR lideraram as 500 Milhas, com Christian Rasmussen terminando em sexto lugar, a melhor posi\u00e7\u00e3o da equipe.<\/p>\n\n\n\n<p>Rossi (foto acima) conhece o oval de Indian\u00e1polis t\u00e3o bem quanto qualquer outro piloto no grid, mas disse que o valor deste teste \u00e9 que ele oferece mais uma oportunidade de aprender algo novo. Os pilotos aprendem, disse ele, sendo desafiados, e o tra\u00e7ado de 4 km \u00e9 \u00f3timo para apresentar momentos dif\u00edceis.<\/p>\n\n\n\n<p>\u201cAcho que voc\u00ea nunca se sente completamente confort\u00e1vel aqui, nem deveria\u201d, disse Rossi. \u201cSempre tem alguma coisa acontecendo para tornar sua vida (como piloto) desafiadora, seja lidando com diferentes n\u00edveis de acabamento, o tr\u00e2nsito ou tentando levar os pneus ao limite. Nunca \u00e9 f\u00e1cil l\u00e1 fora.\u201d<\/p>\n\n\n\n<h3 class=\"wp-block-heading\"><strong>Rossi sabe que o m\u00eas da paternidade est\u00e1 chegando para Rosenqvist.<\/strong><\/h3>\n\n\n\n<p>Felix Rosenqvist ser\u00e1 pai durante a semana de treinos das 500 Milhas de Indian\u00e1polis, no pr\u00f3ximo m\u00eas. Rossi j\u00e1 havia passado por isso no ano passado, com o nascimento de seu filho, Benjamin, em 11 de maio.<\/p>\n\n\n\n<p>\u201cAcho que eles sabem que o dia da indu\u00e7\u00e3o do parto n\u00e3o \u00e9 o dia da corrida, ent\u00e3o isso tira boa parte do estresse\u201d, disse Rossi. \u201cVoc\u00ea pensa que o parto vai ser dif\u00edcil, mas no fim das contas voc\u00ea est\u00e1 t\u00e3o feliz e animada que todo o resto flui naturalmente.\u201d<\/p>\n\n\n\n<p>\u201cDe muitas maneiras, (o ano passado) foi um dos meus meses de maio mais f\u00e1ceis.\u201d<\/p>\n\n\n\n<p>Infelizmente, a corrida de Rossi terminou com uma falha mec\u00e2nica ap\u00f3s completar 73 voltas. Ele liderou 14 delas.<\/p>\n\n\n\n<p>A filha de Rosenqvist tem previs\u00e3o de nascimento para 14 de maio, um dia antes do treino da Fast Friday. Rosenqvist disse que sua equipe, Meyer Shank Racing com Curb Agajanian, tem sido compreensiva com o cronograma. Rosenqvist n\u00e3o tem certeza de como o dia se desenrolar\u00e1.<\/p>\n\n\n\n<p>\u201cAcho que temos que lidar com as coisas conforme elas forem acontecendo\u201d, disse ele.<\/p>\n\n\n\n<h3 class=\"wp-block-heading\"><strong>Rahal se apoia na experi\u00eancia.<\/strong><\/h3>\n\n\n\n<p>Graham Rahal participa de sua 19\u00aa edi\u00e7\u00e3o consecutiva das &#8220;500 Milhas&#8221;, o que parece dif\u00edcil de acreditar. Sua estreia na categoria foi com a Newman\/Haas\/Lanigan Racing em 2008, quando terminou em \u00faltimo lugar entre os 33 carros participantes.<\/p>\n\n\n\n<p>O piloto de 37 anos completou 3.016 voltas na corrida, superando o total de seu pai, Bobby Rahal, vencedor em 1986, que completou 2.007 voltas em 13 participa\u00e7\u00f5es.<\/p>\n\n\n\n<p>\u201c\u00c9, parece que foram uns 50 anos\u201d, disse o jovem Rahal sobre seu tempo em Indian\u00e1polis. \u201cEste lugar te envelhece, com certeza. E me envelheceu. Voc\u00ea v\u00ea um monte de cabelos brancos por causa de Indian\u00e1polis.\u201d (Ser pai de tr\u00eas filhos provavelmente tamb\u00e9m contribuiu para o surgimento de alguns cabelos brancos.)<\/p>\n\n\n\n<p>Os melhores resultados de Rahal foram o terceiro lugar em 2011 e 2020. Ele n\u00e3o conseguiu se classificar para a corrida de 2023, mas substituiu Stefan Wilson, que se lesionou em um acidente durante os treinos. Em 2024, Rahal garantiu a vaga por pouco, largando na 33\u00aa posi\u00e7\u00e3o.<\/p>\n\n\n\n<p>\u201cAcredito sinceramente que cada dia \u00e9 um novo dia aqui\u201d, disse Rahal. \u201cSempre h\u00e1 algo que voc\u00ea descobre, uma mudan\u00e7a que voc\u00ea faz. No fim das contas, um carro de corrida \u00e9 um carro de corrida e, embora os ajustes evoluam, os fundamentos permanecem muito semelhantes.\u201d<\/p>\n\n\n\n<p>\u201cMas cada vez que voc\u00ea ajusta o carro para a qualifica\u00e7\u00e3o, o vento, o peso, as diferentes gera\u00e7\u00f5es, tudo isso apresenta novos desafios. Este lugar nunca \u00e9 f\u00e1cil.\u201d<\/p>\n\n\n\n<figure class=\"wp-block-image\"><img decoding=\"async\" src=\"https:\/\/www.indycar.com\/-\/media\/IndyCar\/News\/Standard\/2026\/04\/04-29-Malukas.jpg\" alt=\"David Malukas\"\/><\/figure>\n\n\n\n<h3 class=\"wp-block-heading\"><strong>Malukas d\u00e1 conselhos sobre seguran\u00e7a para ciclistas.<\/strong><\/h3>\n\n\n\n<p>Maio \u00e9 o M\u00eas Nacional da Seguran\u00e7a no Ciclismo, algo que David Malukas, da equipe Penske (foto acima), conhece muito bem.<\/p>\n\n\n\n<p>Seu acidente de bicicleta de montanha em fevereiro de 2024 levou \u00e0 sua demiss\u00e3o da Arrow McLaren, o que resultou em uma participa\u00e7\u00e3o parcial na Meyer Shank Racing, uma mudan\u00e7a para a AJ Foyt Racing e, agora, um emprego na equipe de Roger Penske.<\/p>\n\n\n\n<p>\u201cEu estava usando meu equipamento de seguran\u00e7a\u201d, disse ele sobre o incidente na Fl\u00f3rida que deslocou seu pulso esquerdo e rompeu ligamentos, exigindo cirurgia e o deixando de fora das oito primeiras corridas da temporada de 2024. \u201c(Meu conselho \u00e9): certifique-se de usar dois equipamentos de seguran\u00e7a e, se for uma moto que voc\u00ea n\u00e3o conhece, verifique se os freios dianteiro e traseiro n\u00e3o est\u00e3o trocados.\u201d<\/p>\n\n\n\n<figure class=\"wp-block-image\"><img decoding=\"async\" src=\"https:\/\/www.indycar.com\/-\/media\/IndyCar\/News\/Standard\/2026\/04\/04-29-RHR-PrizePicks.jpg\" alt=\"Ryan Hunter-Reay\"\/><\/figure>\n\n\n\n<h3 class=\"wp-block-heading\"><strong>Diversos<\/strong><\/h3>\n\n\n\n<ul class=\"wp-block-list\">\n<li>Os nove vencedores das 500 Milhas de Indian\u00e1polis deste ano reuniram-se na quarta-feira no lado leste do Pagoda para a tradicional foto oficial da BorgWarner. Os pilotos foram Castroneves, Scott Dixon, Ryan Hunter-Reay, Rossi, Takuma Sato, Will Power, Ericsson, Josef Newgarden e Palou.<\/li>\n\n\n\n<li>O McLaren n\u00ba 31 de Hunter-Reay, da Arrow (foto acima), ser\u00e1 patrocinado pela PrizePicks, um dos principais aplicativos de palpites esportivos. O visual do carro, que o piloto descreveu como &#8220;ousado&#8221;, foi revelado na quarta-feira em Miami, enquanto Hunter-Reay realizava testes no IMS.<\/li>\n\n\n\n<li>Malukas teve um desempenho r\u00e1pido em seu primeiro teste no IMS com a Team Penske e atribuiu o sucesso ao trabalho com o engenheiro James Schnabel pelo segundo ano consecutivo. A dupla terminou em segundo lugar nas 500 Milhas de Indian\u00e1polis do ano passado, pilotando um carro da AJ Foyt Racing.<\/li>\n\n\n\n<li>Davey Hamilton, duas vezes vice-campe\u00e3o da INDYCAR SERIES e onze vezes participante das 500 Milhas de Indian\u00e1polis, ser\u00e1 novamente o estrategista do carro de Jack Harvey. Ironicamente, ambos abrir\u00e3o m\u00e3o de seus compromissos como comentaristas \u2013 Hamilton na INDYCAR Radio powered by OnlyBulls e Harvey na FOX \u2013 para participar das 500 Milhas.<\/li>\n\n\n\n<li>Eric Leichtle, engenheiro s\u00eanior de estruturas da Starship Mechanisms, projetou o carro que deu a pole position a Robert Shwartzman na PREMA Racing no ano passado. Este ano, ele est\u00e1 trabalhando com Harvey na Dreyer &amp; Reinbold Racing.<\/li>\n\n\n\n<li>Andy O&#8217;Gara, membro de longa data da equipe da INDYCAR SERIES e marido da ex-piloto Sarah Fisher, est\u00e1 de volta ao Speedway liderando o programa de Katherine Legge com a HMD Motorsports e a AJ Foyt Racing.<\/li>\n<\/ul>\n\n\n\n<p>Fonte: Indycar<\/p>\n","protected":false},"excerpt":{"rendered":"<p>Se \u00e9 verdade que uma imagem vale mais que mil palavras, Alex Palou acumulou a sua cota esta semana como o atual campe\u00e3o das 500 Milhas de Indian\u00e1polis apresentadas pela&hellip;<\/p>\n","protected":false},"author":5,"featured_media":5114,"comment_status":"closed","ping_status":"open","sticky":false,"template":"","format":"standard","meta":{"content-type":"","_lmt_disableupdate":"","_lmt_disable":"","footnotes":"","jetpack_publicize_message":"","jetpack_publicize_feature_enabled":true,"jetpack_social_post_already_shared":true,"jetpack_social_options":{"image_generator_settings":{"template":"highway","default_image_id":0,"font":"","enabled":false},"version":2}},"categories":[28,26],"tags":[54],"class_list":["post-5113","post","type-post","status-publish","format-standard","has-post-thumbnail","hentry","category-indy","category-nas-pistas","tag-indycar-2"],"jetpack_publicize_connections":[],"_links":{"self":[{"href":"https:\/\/aovolante.tv.br\/index.php?rest_route=\/wp\/v2\/posts\/5113","targetHints":{"allow":["GET"]}}],"collection":[{"href":"https:\/\/aovolante.tv.br\/index.php?rest_route=\/wp\/v2\/posts"}],"about":[{"href":"https:\/\/aovolante.tv.br\/index.php?rest_route=\/wp\/v2\/types\/post"}],"author":[{"embeddable":true,"href":"https:\/\/aovolante.tv.br\/index.php?rest_route=\/wp\/v2\/users\/5"}],"replies":[{"embeddable":true,"href":"https:\/\/aovolante.tv.br\/index.php?rest_route=%2Fwp%2Fv2%2Fcomments&post=5113"}],"version-history":[{"count":1,"href":"https:\/\/aovolante.tv.br\/index.php?rest_route=\/wp\/v2\/posts\/5113\/revisions"}],"predecessor-version":[{"id":5115,"href":"https:\/\/aovolante.tv.br\/index.php?rest_route=\/wp\/v2\/posts\/5113\/revisions\/5115"}],"wp:featuredmedia":[{"embeddable":true,"href":"https:\/\/aovolante.tv.br\/index.php?rest_route=\/wp\/v2\/media\/5114"}],"wp:attachment":[{"href":"https:\/\/aovolante.tv.br\/index.php?rest_route=%2Fwp%2Fv2%2Fmedia&parent=5113"}],"wp:term":[{"taxonomy":"category","embeddable":true,"href":"https:\/\/aovolante.tv.br\/index.php?rest_route=%2Fwp%2Fv2%2Fcategories&post=5113"},{"taxonomy":"post_tag","embeddable":true,"href":"https:\/\/aovolante.tv.br\/index.php?rest_route=%2Fwp%2Fv2%2Ftags&post=5113"}],"curies":[{"name":"wp","href":"https:\/\/api.w.org\/{rel}","templated":true}]}}