{"id":5102,"date":"2026-04-29T11:53:21","date_gmt":"2026-04-29T14:53:21","guid":{"rendered":"https:\/\/aovolante.tv.br\/?p=5102"},"modified":"2026-04-29T11:53:23","modified_gmt":"2026-04-29T14:53:23","slug":"o-inicio-promissor-dos-testes-da-drr-em-indianapolis-impressiona-daly","status":"publish","type":"post","link":"https:\/\/aovolante.tv.br\/?p=5102","title":{"rendered":"O in\u00edcio promissor dos testes da DRR em Indian\u00e1polis impressiona Daly"},"content":{"rendered":"\n<figure class=\"wp-block-image size-large\"><img fetchpriority=\"high\" decoding=\"async\" width=\"1024\" height=\"1024\" src=\"https:\/\/aovolante.tv.br\/wp-content\/uploads\/2026\/04\/image-235-1024x1024.png\" alt=\"\" class=\"wp-image-5103\" srcset=\"https:\/\/aovolante.tv.br\/wp-content\/uploads\/2026\/04\/image-235-1024x1024.png 1024w, https:\/\/aovolante.tv.br\/wp-content\/uploads\/2026\/04\/image-235-300x300.png 300w, https:\/\/aovolante.tv.br\/wp-content\/uploads\/2026\/04\/image-235-150x150.png 150w, https:\/\/aovolante.tv.br\/wp-content\/uploads\/2026\/04\/image-235-1536x1536.png 1536w, https:\/\/aovolante.tv.br\/wp-content\/uploads\/2026\/04\/image-235-2048x2048.png 2048w, https:\/\/aovolante.tv.br\/wp-content\/uploads\/2026\/04\/image-235-585x585.png 585w\" sizes=\"(max-width: 1024px) 100vw, 1024px\" \/><\/figure>\n\n\n\n<p><\/p>\n\n\n\n<p>A equipe Dreyer &amp; Reinbold Racing n\u00e3o competia com um carro da Indy h\u00e1 quase um ano, mas o primeiro dia do Indy Open Test n\u00e3o deu ind\u00edcios de falta de ritmo na equipe local, j\u00e1 que Conor Daly demonstrou velocidade para liderar a prova desde o in\u00edcio.<\/p>\n\n\n\n<p>A \u00fanica visita pr\u00e9via ao circuito das 500 Milhas de Indian\u00e1polis faz parte da temporada normal de corridas para os participantes fixos da IndyCar, mas para equipes como a DRR, o Indy Open Test \u00e9 a primeira atividade na pista nesta temporada, enquanto a maioria de seus rivais j\u00e1 est\u00e1 competindo desde o final de fevereiro e encontrou seu ritmo competitivo ao longo dos cinco eventos realizados at\u00e9 o momento.<\/p>\n\n\n\n<p>\u201cEste grupo merece todo o reconhecimento\u201d, disse Daly \u00e0 revista Racer ap\u00f3s\u00a0registrar a volta mais r\u00e1pida de ter\u00e7a-feira,\u00a0com 225,394 mph (362,99 km\/h) no Chevrolet n\u00ba 23. \u201cQuer dizer, eles n\u00e3o corriam em uma pista quente desde maio do ano passado, certo? Isso \u00e9 muito impressionante. Todos os outros aqui, obviamente, com exce\u00e7\u00e3o das inscri\u00e7\u00f5es \u00fanicas, est\u00e3o correndo o ano todo, certo? Temos um \u00f3timo grupo de pessoas, e trabalhar em estreita colabora\u00e7\u00e3o com a Chevrolet tamb\u00e9m \u00e9 extremamente \u00fatil. Eles nos ajudam muito a come\u00e7ar. Ent\u00e3o, como n\u00e3o ficar impressionado com um grupo que n\u00e3o corre h\u00e1 muito tempo, e a\u00ed n\u00f3s aparecemos, conseguimos correr o dia todo, cumprir o programa e sermos os mais r\u00e1pidos?\u201d<\/p>\n\n\n\n<p>\u201cE n\u00e3o foi s\u00f3 no final do dia. Est\u00e1vamos r\u00e1pidos o dia todo. \u00c9 bom ser r\u00e1pido individualmente, e somos r\u00e1pidos no tr\u00e2nsito. Mas testes n\u00e3o d\u00e3o dinheiro. Temos que respeitar isso \u2013 s\u00e3o apenas testes. Temos que ir um dia de cada vez e, quando voc\u00ea \u00e9 o mais r\u00e1pido, n\u00e3o pode reclamar.\u201d<\/p>\n\n\n\n<p>Apesar de Daly estar satisfeito com o resultado de ter\u00e7a-feira, ele sabe que ainda h\u00e1 potencial para melhorar o desempenho do Chevrolet n\u00ba 23.<\/p>\n\n\n\n<p>\u201cUm come\u00e7o razo\u00e1vel; conseguimos superar alguns obst\u00e1culos, mas n\u00e3o tantos quanto gostar\u00edamos hoje\u201d, disse ele. \u201cMas quando voc\u00ea vai l\u00e1 e v\u00ea todo mundo fazendo o que eles est\u00e3o fazendo, voc\u00ea definitivamente sabe que nem tudo foi mostrado ainda. Mas n\u00e3o podemos ficar chateados com isso. Quer dizer, algu\u00e9m tem que ser o mais r\u00e1pido, certo? E o Jack [Harvey], obviamente, foi r\u00e1pido nas velocidades sem reboque, ent\u00e3o \u00e9 definitivamente um bom ponto de partida, com certeza.\u201d<\/p>\n","protected":false},"excerpt":{"rendered":"<p>A equipe Dreyer &amp; Reinbold Racing n\u00e3o competia com um carro da Indy h\u00e1 quase um ano, mas o primeiro dia do Indy Open Test n\u00e3o deu ind\u00edcios de falta&hellip;<\/p>\n","protected":false},"author":2,"featured_media":5103,"comment_status":"closed","ping_status":"open","sticky":false,"template":"","format":"standard","meta":{"content-type":"","_lmt_disableupdate":"","_lmt_disable":"","footnotes":"","jetpack_publicize_message":"","jetpack_publicize_feature_enabled":true,"jetpack_social_post_already_shared":true,"jetpack_social_options":{"image_generator_settings":{"template":"highway","default_image_id":0,"font":"","enabled":false},"version":2}},"categories":[28,26],"tags":[54],"class_list":["post-5102","post","type-post","status-publish","format-standard","has-post-thumbnail","hentry","category-indy","category-nas-pistas","tag-indycar-2"],"jetpack_publicize_connections":[],"_links":{"self":[{"href":"https:\/\/aovolante.tv.br\/index.php?rest_route=\/wp\/v2\/posts\/5102","targetHints":{"allow":["GET"]}}],"collection":[{"href":"https:\/\/aovolante.tv.br\/index.php?rest_route=\/wp\/v2\/posts"}],"about":[{"href":"https:\/\/aovolante.tv.br\/index.php?rest_route=\/wp\/v2\/types\/post"}],"author":[{"embeddable":true,"href":"https:\/\/aovolante.tv.br\/index.php?rest_route=\/wp\/v2\/users\/2"}],"replies":[{"embeddable":true,"href":"https:\/\/aovolante.tv.br\/index.php?rest_route=%2Fwp%2Fv2%2Fcomments&post=5102"}],"version-history":[{"count":1,"href":"https:\/\/aovolante.tv.br\/index.php?rest_route=\/wp\/v2\/posts\/5102\/revisions"}],"predecessor-version":[{"id":5104,"href":"https:\/\/aovolante.tv.br\/index.php?rest_route=\/wp\/v2\/posts\/5102\/revisions\/5104"}],"wp:featuredmedia":[{"embeddable":true,"href":"https:\/\/aovolante.tv.br\/index.php?rest_route=\/wp\/v2\/media\/5103"}],"wp:attachment":[{"href":"https:\/\/aovolante.tv.br\/index.php?rest_route=%2Fwp%2Fv2%2Fmedia&parent=5102"}],"wp:term":[{"taxonomy":"category","embeddable":true,"href":"https:\/\/aovolante.tv.br\/index.php?rest_route=%2Fwp%2Fv2%2Fcategories&post=5102"},{"taxonomy":"post_tag","embeddable":true,"href":"https:\/\/aovolante.tv.br\/index.php?rest_route=%2Fwp%2Fv2%2Ftags&post=5102"}],"curies":[{"name":"wp","href":"https:\/\/api.w.org\/{rel}","templated":true}]}}