{"id":5095,"date":"2026-04-28T23:42:29","date_gmt":"2026-04-29T02:42:29","guid":{"rendered":"https:\/\/aovolante.tv.br\/?p=5095"},"modified":"2026-04-28T23:43:39","modified_gmt":"2026-04-29T02:43:39","slug":"daly-lidera-o-caminho-no-primeiro-dia-do-ims-open-test","status":"publish","type":"post","link":"https:\/\/aovolante.tv.br\/?p=5095","title":{"rendered":"Daly lidera o caminho no primeiro dia do IMS Open Test"},"content":{"rendered":"<div class=\"wp-block-image\">\n<figure class=\"aligncenter size-full\"><img fetchpriority=\"high\" decoding=\"async\" width=\"1000\" height=\"667\" src=\"https:\/\/aovolante.tv.br\/wp-content\/uploads\/2026\/04\/image-230.png\" alt=\"\" class=\"wp-image-5096\" srcset=\"https:\/\/aovolante.tv.br\/wp-content\/uploads\/2026\/04\/image-230.png 1000w, https:\/\/aovolante.tv.br\/wp-content\/uploads\/2026\/04\/image-230-768x512.png 768w, https:\/\/aovolante.tv.br\/wp-content\/uploads\/2026\/04\/image-230-1920x1280.png 1920w, https:\/\/aovolante.tv.br\/wp-content\/uploads\/2026\/04\/image-230-585x390.png 585w, https:\/\/aovolante.tv.br\/wp-content\/uploads\/2026\/04\/image-230-263x175.png 263w\" sizes=\"(max-width: 1000px) 100vw, 1000px\" \/><\/figure>\n<\/div>\n\n\n<p><\/p>\n\n\n\n<p>Conor Daly disparou para o topo da tabela de velocidades nos minutos finais do teste aberto de ter\u00e7a-feira em Indian\u00e1polis. O piloto da Dreyer &amp; Reinbold Racing registrou a melhor volta a 225,394 mph com o Chevrolet n\u00ba 23, superando o desempenho de quatro vencedores das 500 Milhas de Indian\u00e1polis: Helio Castroneves, da Meyer Shank Racing (225,200 mph), Takuma Sato, da Rahal Letterman Lanigan Racing (224,800 mph), Scott Dixon, da Chip Ganassi Racing (224,564 mph) e Alexander Rossi, da ECR (224,367 mph).<\/p>\n\n\n\n<p>Romain Grosjean, da Dale Coyne Racing, que perdeu tempo na sess\u00e3o da manh\u00e3 ap\u00f3s sofrer uma colis\u00e3o com um p\u00e1ssaro que exigiu uma limpeza consider\u00e1vel dentro do cockpit \u2013 depois que pequenos peda\u00e7os entraram pela entrada de ar na base do aeroscreen \u2013 e na frente do Honda n\u00ba 18, ficou em sexto lugar (224,307 mph).<\/p>\n\n\n\n<p>\u201c\u00c9 bom voltar \u00e0 ativa\u201d, disse Daly. \u201cA equipe fez um \u00f3timo trabalho se preparando durante todo o inverno para este dia. \u00c9 apenas o primeiro dia para n\u00f3s, mas obviamente foi um bom dia. Sou grato por trabalhar com a Chevrolet novamente e tamb\u00e9m com todos da ARCO e da Kingspan. \u00c9 apenas o primeiro dia, vamos para o segundo.\u201d<\/p>\n\n\n\n<p>Na ter\u00e7a-feira, os contratempos foram m\u00ednimos. Al\u00e9m das pausas para inspe\u00e7\u00f5es da pista e quando a chuva da noite anterior come\u00e7ou a infiltrar-se pelos drenos na Curva 2, a \u00fanica interrup\u00e7\u00e3o relacionada \u00e0 corrida ocorreu nos \u00faltimos 30 minutos, quando Christian Rasmussen, da ECR, parou ao sair dos boxes com um poss\u00edvel problema na roda traseira e teve o carro removido por um guincho.<\/p>\n\n\n\n<p>Dos 33 pilotos presentes, 32 permaneceram ativos at\u00e9 o final do dia. A exce\u00e7\u00e3o foi Katherine Legge, que\u00a0enfrentou problemas t\u00e9cnicos\u00a0que a impediram de completar mais de duas voltas de instala\u00e7\u00e3o. Ela retornar\u00e1 \u00e0 pista e tentar\u00e1 concluir seu teste de reciclagem na quarta-feira.<\/p>\n\n\n\n<figure class=\"wp-block-image size-full\"><img decoding=\"async\" width=\"809\" height=\"797\" src=\"https:\/\/aovolante.tv.br\/wp-content\/uploads\/2026\/04\/image-233.png\" alt=\"\" class=\"wp-image-5098\" srcset=\"https:\/\/aovolante.tv.br\/wp-content\/uploads\/2026\/04\/image-233.png 809w, https:\/\/aovolante.tv.br\/wp-content\/uploads\/2026\/04\/image-233-768x756.png 768w, https:\/\/aovolante.tv.br\/wp-content\/uploads\/2026\/04\/image-233-1920x1891.png 1920w, https:\/\/aovolante.tv.br\/wp-content\/uploads\/2026\/04\/image-233-585x576.png 585w\" sizes=\"(max-width: 809px) 100vw, 809px\" \/><\/figure>\n\n\n\n<figure class=\"wp-block-image size-full\"><img decoding=\"async\" width=\"813\" height=\"213\" src=\"https:\/\/aovolante.tv.br\/wp-content\/uploads\/2026\/04\/image-234.png\" alt=\"\" class=\"wp-image-5100\" srcset=\"https:\/\/aovolante.tv.br\/wp-content\/uploads\/2026\/04\/image-234.png 813w, https:\/\/aovolante.tv.br\/wp-content\/uploads\/2026\/04\/image-234-768x201.png 768w, https:\/\/aovolante.tv.br\/wp-content\/uploads\/2026\/04\/image-234-1920x503.png 1920w, https:\/\/aovolante.tv.br\/wp-content\/uploads\/2026\/04\/image-234-585x153.png 585w\" sizes=\"(max-width: 813px) 100vw, 813px\" \/><\/figure>\n","protected":false},"excerpt":{"rendered":"<p>Conor Daly disparou para o topo da tabela de velocidades nos minutos finais do teste aberto de ter\u00e7a-feira em Indian\u00e1polis. O piloto da Dreyer &amp; Reinbold Racing registrou a melhor&hellip;<\/p>\n","protected":false},"author":2,"featured_media":5096,"comment_status":"closed","ping_status":"open","sticky":false,"template":"","format":"standard","meta":{"content-type":"","_lmt_disableupdate":"","_lmt_disable":"","footnotes":"","jetpack_publicize_message":"","jetpack_publicize_feature_enabled":true,"jetpack_social_post_already_shared":true,"jetpack_social_options":{"image_generator_settings":{"template":"highway","default_image_id":0,"font":"","enabled":false},"version":2}},"categories":[28,26],"tags":[54],"class_list":["post-5095","post","type-post","status-publish","format-standard","has-post-thumbnail","hentry","category-indy","category-nas-pistas","tag-indycar-2"],"jetpack_publicize_connections":[],"_links":{"self":[{"href":"https:\/\/aovolante.tv.br\/index.php?rest_route=\/wp\/v2\/posts\/5095","targetHints":{"allow":["GET"]}}],"collection":[{"href":"https:\/\/aovolante.tv.br\/index.php?rest_route=\/wp\/v2\/posts"}],"about":[{"href":"https:\/\/aovolante.tv.br\/index.php?rest_route=\/wp\/v2\/types\/post"}],"author":[{"embeddable":true,"href":"https:\/\/aovolante.tv.br\/index.php?rest_route=\/wp\/v2\/users\/2"}],"replies":[{"embeddable":true,"href":"https:\/\/aovolante.tv.br\/index.php?rest_route=%2Fwp%2Fv2%2Fcomments&post=5095"}],"version-history":[{"count":2,"href":"https:\/\/aovolante.tv.br\/index.php?rest_route=\/wp\/v2\/posts\/5095\/revisions"}],"predecessor-version":[{"id":5101,"href":"https:\/\/aovolante.tv.br\/index.php?rest_route=\/wp\/v2\/posts\/5095\/revisions\/5101"}],"wp:featuredmedia":[{"embeddable":true,"href":"https:\/\/aovolante.tv.br\/index.php?rest_route=\/wp\/v2\/media\/5096"}],"wp:attachment":[{"href":"https:\/\/aovolante.tv.br\/index.php?rest_route=%2Fwp%2Fv2%2Fmedia&parent=5095"}],"wp:term":[{"taxonomy":"category","embeddable":true,"href":"https:\/\/aovolante.tv.br\/index.php?rest_route=%2Fwp%2Fv2%2Fcategories&post=5095"},{"taxonomy":"post_tag","embeddable":true,"href":"https:\/\/aovolante.tv.br\/index.php?rest_route=%2Fwp%2Fv2%2Ftags&post=5095"}],"curies":[{"name":"wp","href":"https:\/\/api.w.org\/{rel}","templated":true}]}}