{"id":5063,"date":"2026-04-28T01:37:07","date_gmt":"2026-04-28T04:37:07","guid":{"rendered":"https:\/\/aovolante.tv.br\/?p=5063"},"modified":"2026-04-28T01:37:08","modified_gmt":"2026-04-28T04:37:08","slug":"prototipo-opel-formula-e-gen4-revelado-gse-27fe-marca-um-novo-e-ousado-capitulo","status":"publish","type":"post","link":"https:\/\/aovolante.tv.br\/?p=5063","title":{"rendered":"Prot\u00f3tipo Opel Formula E Gen4 revelado: GSE 27FE marca um novo e ousado cap\u00edtulo"},"content":{"rendered":"<div class=\"wp-block-image\">\n<figure class=\"aligncenter size-full\"><img fetchpriority=\"high\" decoding=\"async\" width=\"2048\" height=\"1365\" src=\"https:\/\/aovolante.tv.br\/wp-content\/uploads\/2026\/04\/image-226.png\" alt=\"\" class=\"wp-image-5064\" srcset=\"https:\/\/aovolante.tv.br\/wp-content\/uploads\/2026\/04\/image-226.png 2048w, https:\/\/aovolante.tv.br\/wp-content\/uploads\/2026\/04\/image-226-768x511.png 768w, https:\/\/aovolante.tv.br\/wp-content\/uploads\/2026\/04\/image-226-1920x1279.png 1920w, https:\/\/aovolante.tv.br\/wp-content\/uploads\/2026\/04\/image-226-1170x780.png 1170w, https:\/\/aovolante.tv.br\/wp-content\/uploads\/2026\/04\/image-226-585x390.png 585w, https:\/\/aovolante.tv.br\/wp-content\/uploads\/2026\/04\/image-226-263x175.png 263w\" sizes=\"(max-width: 2048px) 100vw, 2048px\" \/><\/figure>\n<\/div>\n\n\n<p><\/p>\n\n\n\n<p><strong>A Opel revelou seu prot\u00f3tipo de F\u00f3rmula E Gen4, o GSE 27FE, sinalizando um grande passo em frente enquanto a fabricante se prepara para sua entrada na pr\u00f3xima era do campeonato.<\/strong><\/p>\n\n\n\n<p>A Opel\u00a0apresentou oficialmente\u00a0seu prot\u00f3tipo Gen4 da F\u00f3rmula E, o Opel GSE 27FE, durante uma estreia mundial no Circuito Paul Ricard, marcando um importante passo na estrat\u00e9gia da marca no automobilismo.<\/p>\n\n\n\n<p>A apresenta\u00e7\u00e3o oferece um primeiro vislumbre do futuro da Opel na\u00a0F\u00f3rmula E.\u00a0O novo prot\u00f3tipo combina desempenho, inova\u00e7\u00e3o em design e tecnologia relevante para as ruas, antes de sua estreia competitiva.<\/p>\n\n\n\n<h3 class=\"wp-block-heading\" id=\"h-opel-introduces-gse-27fe-as-formula-e-enters-gen4-era\">A Opel apresenta o GSE 27FE, marcando a entrada da F\u00f3rmula E na era Gen4.<\/h3>\n\n\n\n<p>O Opel GSE 27FE foi desenvolvido para atender \u00e0s pr\u00f3ximas regulamenta\u00e7\u00f5es Gen4. Ele conta com tra\u00e7\u00e3o integral permanente, mais de 800 cv e recupera\u00e7\u00e3o de energia de at\u00e9 700 kW.<\/p>\n\n\n\n<p>Em seu discurso de lan\u00e7amento, Rebecca Reinermann delineou a dire\u00e7\u00e3o e as ambi\u00e7\u00f5es da marca. Ela afirmou:&nbsp;<em>\u201cTemos uma estrat\u00e9gia clara para o Opel GSE: Correr. Dirigir. Divertir-se. E 2026 ser\u00e1 claramente dominado pelas corridas. Estamos mostrando o qu\u00e3o empolgante e, ao mesmo tempo, relevante o desempenho el\u00e9trico \u00e9 para e na Opel.\u201d<\/em><\/p>\n\n\n\n<p>Entretanto, com a era Gen4 prestes a introduzir o maior salto de desempenho na F\u00f3rmula E, a Opel est\u00e1 posicionando o GSE 27FE tanto como uma plataforma de corrida quanto como uma ferramenta de desenvolvimento para futuros carros de rua.<\/p>\n\n\n\n<h3 class=\"wp-block-heading\" id=\"h-gse-27fe-combines-performance-with-development-focus\">O GSE 27FE combina desempenho com foco em desenvolvimento.<\/h3>\n\n\n\n<p>Al\u00e9m do desempenho puro e simples, a Opel enfatizou o papel do GSE 27FE como um acelerador tecnol\u00f3gico.<\/p>\n\n\n\n<p>J\u00f6rg Schrott destacou essa dupla finalidade, explicando como o prot\u00f3tipo vai al\u00e9m dos objetivos tradicionais do automobilismo. Ele afirmou:&nbsp;<em>\u201cO que estamos apresentando hoje \u00e9 muito mais do que um prot\u00f3tipo. O Opel GSE 27FE \u00e9 um acelerador tecnol\u00f3gico estrat\u00e9gico para o nosso desenvolvimento em produ\u00e7\u00e3o em s\u00e9rie e, em particular, para os modelos de alto desempenho GSE.\u201d<\/em><\/p>\n\n\n\n<p>O programa de prepara\u00e7\u00e3o reflete essa ambi\u00e7\u00e3o, com extensos testes planejados em v\u00e1rios circuitos europeus, enquanto a equipe trabalha para aprimorar o desempenho antes da nova temporada.<\/p>\n\n\n\n<h3 class=\"wp-block-heading\" id=\"h-design-language-reflects-speed-and-performance-identity\">A linguagem de design reflete uma identidade de velocidade e desempenho.<\/h3>\n\n\n\n<p>Entretanto, o GSE 27FE tamb\u00e9m introduz uma filosofia de design distinta, com o objetivo de transmitir visualmente velocidade e desempenho.<\/p>\n\n\n\n<p>O carro apresenta a identidade visual &#8220;Lightspeed&#8221; da Opel e detalhes em amarelo caracter\u00edsticos. Dessa forma, ele conecta a heran\u00e7a da marca no automobilismo com uma identidade el\u00e9trica moderna.<\/p>\n\n\n\n<p>Pierre-Olivier Garcia explicou o racioc\u00ednio por tr\u00e1s da abordagem de design. Ele disse:&nbsp;<em>\u201cCom o design do Opel GSE 27FE, queremos tornar a velocidade e o desempenho inequivocamente vis\u00edveis mesmo antes de nosso carro de corrida GEN4 entrar na pista. &#8216;OMG! num piscar de olhos&#8217; descreve perfeitamente essa inten\u00e7\u00e3o: efeito imediato, presen\u00e7a m\u00e1xima e a energia concentrada das corridas el\u00e9tricas modernas.\u201d<\/em><\/p>\n\n\n\n<p>Olhando para o futuro, espera-se que o design final seja revelado ainda este ano, antes da estreia competitiva do carro.<\/p>\n\n\n\n<h3 class=\"wp-block-heading\" id=\"h-sophia-florsch-begins-development-work-on-opel-gen4-prototype\">Sophia Fl\u00f6rsch inicia o trabalho de desenvolvimento do prot\u00f3tipo do Opel Gen4.<\/h3>\n\n\n\n<p>Sophia Fl\u00f6rsch tornou-se a primeira piloto a levar o GSE 27FE para a pista, completando os testes iniciais em Paul Ricard como parte do programa de desenvolvimento.<\/p>\n\n\n\n<p>Refletindo sobre a experi\u00eancia, ela descreveu o carro como um grande passo em frente no desempenho de carros el\u00e9tricos de corrida. Ela disse:&nbsp;<em>\u201cAp\u00f3s os testes iniciais no simulador, pilotar aqui pela primeira vez o carro de corrida Opel Formula E GEN4 \u00e9 um momento indescrit\u00edvel. O torque brutal, esse desempenho completamente novo \u2013 parece o futuro do automobilismo, e estou pronta para ultrapassar os limites.\u201d<\/em><\/p>\n\n\n\n<p>O papel dela continuar\u00e1 sendo fundamental \u00e0 medida que a Opel avan\u00e7a com os trabalhos em simulador e os testes em pista em prepara\u00e7\u00e3o para a nova temporada.<\/p>\n\n\n\n<h3 class=\"wp-block-heading\" id=\"h-opel-positions-formula-e-at-the-centre-of-gse-strategy\">A Opel posiciona a F\u00f3rmula E no centro da estrat\u00e9gia de GSE (Equipamentos de Suporte ao Cliente em Solo).<\/h3>\n\n\n\n<p>A apresenta\u00e7\u00e3o do GSE 27FE destaca o compromisso mais amplo da Opel em usar a F\u00f3rmula E como plataforma para sua submarca de alto desempenho.<\/p>\n\n\n\n<p>No contexto do Opel Formula E Gen4, o projeto re\u00fane competi\u00e7\u00e3o, tecnologia e identidade de marca. Como resultado, refor\u00e7a o papel do automobilismo el\u00e9trico na defini\u00e7\u00e3o do futuro dos carros de rua.<\/p>\n\n\n\n<p>Com a aproxima\u00e7\u00e3o da era Gen4, a entrada da Opel adiciona outra dimens\u00e3o competitiva e t\u00e9cnica ao campeonato, com o GSE 27FE representando tanto uma declara\u00e7\u00e3o de desempenho quanto um investimento estrat\u00e9gico de longo prazo.<\/p>\n","protected":false},"excerpt":{"rendered":"<p>A Opel revelou seu prot\u00f3tipo de F\u00f3rmula E Gen4, o GSE 27FE, sinalizando um grande passo em frente enquanto a fabricante se prepara para sua entrada na pr\u00f3xima era do&hellip;<\/p>\n","protected":false},"author":27,"featured_media":5064,"comment_status":"closed","ping_status":"open","sticky":false,"template":"","format":"standard","meta":{"content-type":"","_lmt_disableupdate":"","_lmt_disable":"","footnotes":"","jetpack_publicize_message":"","jetpack_publicize_feature_enabled":true,"jetpack_social_post_already_shared":true,"jetpack_social_options":{"image_generator_settings":{"template":"highway","default_image_id":0,"font":"","enabled":false},"version":2}},"categories":[29,26],"tags":[50],"class_list":["post-5063","post","type-post","status-publish","format-standard","has-post-thumbnail","hentry","category-f-e","category-nas-pistas","tag-formula-e"],"jetpack_publicize_connections":[],"_links":{"self":[{"href":"https:\/\/aovolante.tv.br\/index.php?rest_route=\/wp\/v2\/posts\/5063","targetHints":{"allow":["GET"]}}],"collection":[{"href":"https:\/\/aovolante.tv.br\/index.php?rest_route=\/wp\/v2\/posts"}],"about":[{"href":"https:\/\/aovolante.tv.br\/index.php?rest_route=\/wp\/v2\/types\/post"}],"author":[{"embeddable":true,"href":"https:\/\/aovolante.tv.br\/index.php?rest_route=\/wp\/v2\/users\/27"}],"replies":[{"embeddable":true,"href":"https:\/\/aovolante.tv.br\/index.php?rest_route=%2Fwp%2Fv2%2Fcomments&post=5063"}],"version-history":[{"count":1,"href":"https:\/\/aovolante.tv.br\/index.php?rest_route=\/wp\/v2\/posts\/5063\/revisions"}],"predecessor-version":[{"id":5065,"href":"https:\/\/aovolante.tv.br\/index.php?rest_route=\/wp\/v2\/posts\/5063\/revisions\/5065"}],"wp:featuredmedia":[{"embeddable":true,"href":"https:\/\/aovolante.tv.br\/index.php?rest_route=\/wp\/v2\/media\/5064"}],"wp:attachment":[{"href":"https:\/\/aovolante.tv.br\/index.php?rest_route=%2Fwp%2Fv2%2Fmedia&parent=5063"}],"wp:term":[{"taxonomy":"category","embeddable":true,"href":"https:\/\/aovolante.tv.br\/index.php?rest_route=%2Fwp%2Fv2%2Fcategories&post=5063"},{"taxonomy":"post_tag","embeddable":true,"href":"https:\/\/aovolante.tv.br\/index.php?rest_route=%2Fwp%2Fv2%2Ftags&post=5063"}],"curies":[{"name":"wp","href":"https:\/\/api.w.org\/{rel}","templated":true}]}}