{"id":5060,"date":"2026-04-28T01:34:33","date_gmt":"2026-04-28T04:34:33","guid":{"rendered":"https:\/\/aovolante.tv.br\/?p=5060"},"modified":"2026-04-28T01:34:35","modified_gmt":"2026-04-28T04:34:35","slug":"manthey-revela-a-escalacao-de-pilotos-oficiais-da-porsche-para-as-24-horas-de-nurburgring","status":"publish","type":"post","link":"https:\/\/aovolante.tv.br\/?p=5060","title":{"rendered":"Manthey revela a escala\u00e7\u00e3o de pilotos oficiais da Porsche para as 24 Horas de N\u00fcrburgring"},"content":{"rendered":"<div class=\"wp-block-image\">\n<figure class=\"aligncenter size-full\"><img fetchpriority=\"high\" decoding=\"async\" width=\"740\" height=\"494\" src=\"https:\/\/aovolante.tv.br\/wp-content\/uploads\/2026\/04\/image-225.png\" alt=\"\" class=\"wp-image-5061\" srcset=\"https:\/\/aovolante.tv.br\/wp-content\/uploads\/2026\/04\/image-225.png 740w, https:\/\/aovolante.tv.br\/wp-content\/uploads\/2026\/04\/image-225-768x512.png 768w, https:\/\/aovolante.tv.br\/wp-content\/uploads\/2026\/04\/image-225-1920x1281.png 1920w, https:\/\/aovolante.tv.br\/wp-content\/uploads\/2026\/04\/image-225-585x391.png 585w, https:\/\/aovolante.tv.br\/wp-content\/uploads\/2026\/04\/image-225-263x175.png 263w\" sizes=\"(max-width: 740px) 100vw, 740px\" \/><\/figure>\n<\/div>\n\n\n<p><\/p>\n\n\n\n<p id=\"viewer-tfajx143\">A Manthey Racing anunciou sua dupla de pilotos para as disputadas e competitivas 24 Horas de N\u00fcrburgring . A equipe da Porsche espera conquistar sua primeira vit\u00f3ria desde 2021.<\/p>\n\n\n\n<p id=\"viewer-5io18453\">Na tentativa de reverter os \u00faltimos resultados, a Manthey Racing nomeou Kevin Estre, Thomas Preining e Ayhancan G\u00fcven para pilotar o Porsche n\u00ba 911 &#8216;Grello&#8217;.<\/p>\n\n\n\n<p id=\"viewer-3ate41149\">O trio j\u00e1 competiu junto diversas vezes, terminando em segundo lugar na corrida de 24 horas em duas das \u00faltimas duas temporadas. A \u00faltima vit\u00f3ria da Manthey na prova de 24 horas aconteceu em 2021, com Kevin Estre, Matteo Cairoli e Michael Christensen ao volante.<\/p>\n\n\n\n<p id=\"viewer-9d8ld3029\">Estre \u00e9 o \u00fanico piloto remanescente da \u00faltima forma\u00e7\u00e3o vencedora, e o franc\u00eas possui uma carreira impressionante no automobilismo de resist\u00eancia, tendo conquistado o Campeonato Mundial de Endurance na categoria Hypercar em 2024 com a Porsche. Estre tamb\u00e9m venceu diversas provas importantes de endurance, como as 24 Horas de Spa e as 24 Horas de Le Mans (na categoria GT).<\/p>\n\n\n\n<figure class=\"wp-block-image\"><img decoding=\"async\" src=\"https:\/\/static.wixstatic.com\/media\/01a3c0_6511a69ea91d49189a8db49206ae5ea9~mv2.png\/v1\/fill\/w_740,h_484,al_c,q_85,usm_0.66_1.00_0.01,enc_avif,quality_auto\/01a3c0_6511a69ea91d49189a8db49206ae5ea9~mv2.png\" alt=\"Cr\u00e9dito: Luna Maas\"\/><figcaption class=\"wp-element-caption\">Cr\u00e9dito: Luna Maas<\/figcaption><\/figure>\n\n\n\n<p id=\"viewer-jg79e5817\">A equipe Manthey, com o carro n\u00ba 911, enfrentar\u00e1 uma forte concorr\u00eancia este ano, especialmente com o tetracampe\u00e3o de F\u00f3rmula 1, Max Verstappen, competindo com o Mercedes n\u00ba 3 da Winward Racing. Verstappen participou de v\u00e1rias corridas no Nordschleife em prepara\u00e7\u00e3o para as 24 Horas de N\u00fcrburgring, com resultados variados, muitas vezes devido a erros da equipe ou a detritos na pista que danificaram o carro.<\/p>\n\n\n\n<p id=\"viewer-6gnp79258\">No entanto, a equipe do Porsche n\u00ba 911 da Manthey ostenta uma impressionante mistura de experi\u00eancia, talento e agressividade. Estre largou em 11\u00ba e chegou \u00e0 primeira posi\u00e7\u00e3o em 2021, ap\u00f3s sua primeira participa\u00e7\u00e3o na corrida, e, portanto, ser\u00e1 um dos pilotos de destaque para ficar de olho na prova deste ano, juntamente com Christopher Haase, da Audi, e Max Verstappen, da Mercedes.<\/p>\n\n\n\n<p id=\"viewer-w32ie12706\">O diretor-geral da Manthey Racing, Nicholas Raeder, declarou: &#8221; Como terminamos em segundo lugar nos \u00faltimos dois anos, nosso objetivo para este ano em N\u00fcrburgring \u00e9 claro: em nosso 30\u00ba anivers\u00e1rio, queremos garantir nossa oitava vit\u00f3ria geral. Com Kevin, Ayhancan e Thomas, contamos com pilotos experientes. Trabalhamos juntos h\u00e1 muito tempo e acredito que essa continuidade sempre traz uma vantagem.&#8221;<\/p>\n\n\n\n<p id=\"viewer-rneeo14104\">As 24 Horas de N\u00fcrburgring acontecem no pr\u00f3ximo m\u00eas, em uma das corridas mais aguardadas desta nova &#8220;era de ouro&#8221; das corridas de carros esportivos.<\/p>\n","protected":false},"excerpt":{"rendered":"<p>A Manthey Racing anunciou sua dupla de pilotos para as disputadas e competitivas 24 Horas de N\u00fcrburgring . A equipe da Porsche espera conquistar sua primeira vit\u00f3ria desde 2021. Na&hellip;<\/p>\n","protected":false},"author":28,"featured_media":5061,"comment_status":"closed","ping_status":"open","sticky":false,"template":"","format":"standard","meta":{"content-type":"","_lmt_disableupdate":"","_lmt_disable":"","footnotes":"","jetpack_publicize_message":"","jetpack_publicize_feature_enabled":true,"jetpack_social_post_already_shared":true,"jetpack_social_options":{"image_generator_settings":{"template":"highway","default_image_id":0,"font":"","enabled":false},"version":2}},"categories":[32,26,33],"tags":[57,58],"class_list":["post-5060","post","type-post","status-publish","format-standard","has-post-thumbnail","hentry","category-endurance","category-nas-pistas","category-wec","tag-endurance","tag-wec"],"jetpack_publicize_connections":[],"_links":{"self":[{"href":"https:\/\/aovolante.tv.br\/index.php?rest_route=\/wp\/v2\/posts\/5060","targetHints":{"allow":["GET"]}}],"collection":[{"href":"https:\/\/aovolante.tv.br\/index.php?rest_route=\/wp\/v2\/posts"}],"about":[{"href":"https:\/\/aovolante.tv.br\/index.php?rest_route=\/wp\/v2\/types\/post"}],"author":[{"embeddable":true,"href":"https:\/\/aovolante.tv.br\/index.php?rest_route=\/wp\/v2\/users\/28"}],"replies":[{"embeddable":true,"href":"https:\/\/aovolante.tv.br\/index.php?rest_route=%2Fwp%2Fv2%2Fcomments&post=5060"}],"version-history":[{"count":1,"href":"https:\/\/aovolante.tv.br\/index.php?rest_route=\/wp\/v2\/posts\/5060\/revisions"}],"predecessor-version":[{"id":5062,"href":"https:\/\/aovolante.tv.br\/index.php?rest_route=\/wp\/v2\/posts\/5060\/revisions\/5062"}],"wp:featuredmedia":[{"embeddable":true,"href":"https:\/\/aovolante.tv.br\/index.php?rest_route=\/wp\/v2\/media\/5061"}],"wp:attachment":[{"href":"https:\/\/aovolante.tv.br\/index.php?rest_route=%2Fwp%2Fv2%2Fmedia&parent=5060"}],"wp:term":[{"taxonomy":"category","embeddable":true,"href":"https:\/\/aovolante.tv.br\/index.php?rest_route=%2Fwp%2Fv2%2Fcategories&post=5060"},{"taxonomy":"post_tag","embeddable":true,"href":"https:\/\/aovolante.tv.br\/index.php?rest_route=%2Fwp%2Fv2%2Ftags&post=5060"}],"curies":[{"name":"wp","href":"https:\/\/api.w.org\/{rel}","templated":true}]}}