{"id":5057,"date":"2026-04-28T01:33:05","date_gmt":"2026-04-28T04:33:05","guid":{"rendered":"https:\/\/aovolante.tv.br\/?p=5057"},"modified":"2026-04-28T01:33:06","modified_gmt":"2026-04-28T04:33:06","slug":"louis-deletraz-substituira-o-lesionado-alex-lynn-em-spa","status":"publish","type":"post","link":"https:\/\/aovolante.tv.br\/?p=5057","title":{"rendered":"Louis Del\u00e9traz substituir\u00e1 o lesionado Alex Lynn em Spa"},"content":{"rendered":"<div class=\"wp-block-image\">\n<figure class=\"aligncenter size-full\"><img fetchpriority=\"high\" decoding=\"async\" width=\"740\" height=\"370\" src=\"https:\/\/aovolante.tv.br\/wp-content\/uploads\/2026\/04\/image-224.png\" alt=\"\" class=\"wp-image-5058\" srcset=\"https:\/\/aovolante.tv.br\/wp-content\/uploads\/2026\/04\/image-224.png 740w, https:\/\/aovolante.tv.br\/wp-content\/uploads\/2026\/04\/image-224-768x384.png 768w, https:\/\/aovolante.tv.br\/wp-content\/uploads\/2026\/04\/image-224-1920x960.png 1920w, https:\/\/aovolante.tv.br\/wp-content\/uploads\/2026\/04\/image-224-585x293.png 585w\" sizes=\"(max-width: 740px) 100vw, 740px\" \/><\/figure>\n<\/div>\n\n\n<p><\/p>\n\n\n\n<p>O piloto da Cadillac na categoria IMSA GTP, Louis Del\u00e9traz, se juntar\u00e1 \u00e0 equipe Cadillac Hertz Team Jota, n\u00famero 12, para a pr\u00f3xima etapa do Campeonato Mundial de Endurance (WEC) em Spa-Francorchamps, substituindo o lesionado Alex Lynn.<\/p>\n\n\n\n<p id=\"viewer-8rmpe1696\">Lynn est\u00e1 se recuperando de um procedimento para corrigir um problema cr\u00f4nico no pesco\u00e7o e, por isso, perder\u00e1 a pr\u00f3xima etapa, assim como aconteceu na abertura da temporada em \u00cdmola. Naquela ocasi\u00e3o, a equipe correu apenas com Will Stevens e Norman Nato, mas optou por adicionar um terceiro piloto para a segunda etapa.<\/p>\n\n\n\n<p id=\"viewer-bjrxl2632\">Del\u00e9traz, piloto do Cadillac n\u00ba 40 da Wayne Taylor Racing na IMSA, estreia na categoria Hypercar fora das 24 Horas de Le Mans, tendo competido anteriormente no WEC com um LMP2 em 2022 e 2023, conquistando o t\u00edtulo com a WRT em 2023.<\/p>\n\n\n\n<p id=\"viewer-tc3pb3911\">Enquanto isso, no carro irm\u00e3o de n\u00famero 38, Jack Aitken se junta \u00e0 equipe pela primeira vez nesta temporada, depois de seus compromissos na IMSA em Long Beach o terem impedido de participar da abertura da temporada do WEC. Ele se juntar\u00e1 a Earl Bamber e Sebastian Bourdais.<\/p>\n\n\n\n<p id=\"viewer-26b825513\">Jota e a Cadillac esperam dar um grande impulso \u00e0 sua temporada em Spa, no dia 9 de maio, ap\u00f3s um decepcionante oitavo e d\u00e9cimo terceiro lugar em Imola.<\/p>\n","protected":false},"excerpt":{"rendered":"<p>O piloto da Cadillac na categoria IMSA GTP, Louis Del\u00e9traz, se juntar\u00e1 \u00e0 equipe Cadillac Hertz Team Jota, n\u00famero 12, para a pr\u00f3xima etapa do Campeonato Mundial de Endurance (WEC)&hellip;<\/p>\n","protected":false},"author":28,"featured_media":5058,"comment_status":"closed","ping_status":"open","sticky":false,"template":"","format":"standard","meta":{"content-type":"","_lmt_disableupdate":"","_lmt_disable":"","footnotes":"","jetpack_publicize_message":"","jetpack_publicize_feature_enabled":true,"jetpack_social_post_already_shared":true,"jetpack_social_options":{"image_generator_settings":{"template":"highway","default_image_id":0,"font":"","enabled":false},"version":2}},"categories":[32,26,33],"tags":[57,58],"class_list":["post-5057","post","type-post","status-publish","format-standard","has-post-thumbnail","hentry","category-endurance","category-nas-pistas","category-wec","tag-endurance","tag-wec"],"jetpack_publicize_connections":[],"_links":{"self":[{"href":"https:\/\/aovolante.tv.br\/index.php?rest_route=\/wp\/v2\/posts\/5057","targetHints":{"allow":["GET"]}}],"collection":[{"href":"https:\/\/aovolante.tv.br\/index.php?rest_route=\/wp\/v2\/posts"}],"about":[{"href":"https:\/\/aovolante.tv.br\/index.php?rest_route=\/wp\/v2\/types\/post"}],"author":[{"embeddable":true,"href":"https:\/\/aovolante.tv.br\/index.php?rest_route=\/wp\/v2\/users\/28"}],"replies":[{"embeddable":true,"href":"https:\/\/aovolante.tv.br\/index.php?rest_route=%2Fwp%2Fv2%2Fcomments&post=5057"}],"version-history":[{"count":1,"href":"https:\/\/aovolante.tv.br\/index.php?rest_route=\/wp\/v2\/posts\/5057\/revisions"}],"predecessor-version":[{"id":5059,"href":"https:\/\/aovolante.tv.br\/index.php?rest_route=\/wp\/v2\/posts\/5057\/revisions\/5059"}],"wp:featuredmedia":[{"embeddable":true,"href":"https:\/\/aovolante.tv.br\/index.php?rest_route=\/wp\/v2\/media\/5058"}],"wp:attachment":[{"href":"https:\/\/aovolante.tv.br\/index.php?rest_route=%2Fwp%2Fv2%2Fmedia&parent=5057"}],"wp:term":[{"taxonomy":"category","embeddable":true,"href":"https:\/\/aovolante.tv.br\/index.php?rest_route=%2Fwp%2Fv2%2Fcategories&post=5057"},{"taxonomy":"post_tag","embeddable":true,"href":"https:\/\/aovolante.tv.br\/index.php?rest_route=%2Fwp%2Fv2%2Ftags&post=5057"}],"curies":[{"name":"wp","href":"https:\/\/api.w.org\/{rel}","templated":true}]}}