{"id":5054,"date":"2026-04-28T01:26:37","date_gmt":"2026-04-28T04:26:37","guid":{"rendered":"https:\/\/aovolante.tv.br\/?p=5054"},"modified":"2026-04-28T01:26:39","modified_gmt":"2026-04-28T04:26:39","slug":"clubes-membros-da-fia-unem-se-em-montenegro-para-promover-a-mobilidade-e-o-automobilismo-na-europa-no-medio-oriente-e-em-africa","status":"publish","type":"post","link":"https:\/\/aovolante.tv.br\/?p=5054","title":{"rendered":"Clubes membros da FIA unem-se em Montenegro para promover a mobilidade e o automobilismo na Europa, no M\u00e9dio Oriente e em \u00c1frica"},"content":{"rendered":"<div class=\"wp-block-image\">\n<figure class=\"aligncenter size-full\"><img fetchpriority=\"high\" decoding=\"async\" width=\"950\" height=\"534\" src=\"https:\/\/aovolante.tv.br\/wp-content\/uploads\/2026\/04\/image-223.png\" alt=\"\" class=\"wp-image-5055\" srcset=\"https:\/\/aovolante.tv.br\/wp-content\/uploads\/2026\/04\/image-223.png 950w, https:\/\/aovolante.tv.br\/wp-content\/uploads\/2026\/04\/image-223-768x431.png 768w, https:\/\/aovolante.tv.br\/wp-content\/uploads\/2026\/04\/image-223-1920x1079.png 1920w, https:\/\/aovolante.tv.br\/wp-content\/uploads\/2026\/04\/image-223-585x329.png 585w\" sizes=\"(max-width: 950px) 100vw, 950px\" \/><\/figure>\n<\/div>\n\n\n<p><\/p>\n\n\n\n<p>A Federa\u00e7\u00e3o Internacional do Autom\u00f3vel (FIA), \u00f3rg\u00e3o regulador global do automobilismo e federa\u00e7\u00e3o das organiza\u00e7\u00f5es de mobilidade em todo o mundo, ser\u00e1 recebida pela Associa\u00e7\u00e3o Automobil\u00edstica de Montenegro (AMSCG) em Budva para seu Encontro de Primavera da Regi\u00e3o I na pr\u00f3xima semana.<\/p>\n\n\n\n<p>De 21 a 23 de abril, representantes de 102 clubes membros da Europa, Oriente M\u00e9dio e \u00c1frica se reunir\u00e3o em Budva, Montenegro, para tr\u00eas dias de colabora\u00e7\u00e3o, inova\u00e7\u00e3o e compartilhamento de conhecimento.<\/p>\n\n\n\n<p>Ao longo da semana, os participantes discutir\u00e3o as prioridades para promover a mobilidade segura e sustent\u00e1vel para os usu\u00e1rios das vias e o automobilismo para os f\u00e3s.<\/p>\n\n\n\n<p>O Encontro de Primavera da Regi\u00e3o I da FIA tamb\u00e9m acolher\u00e1 comiss\u00f5es e grupos de trabalho de toda a rede, com a Comiss\u00e3o Hist\u00f3rica Internacional e o Clube de Membros Fundadores a proteger e promover o patrim\u00f3nio automobil\u00edstico, o Conselho Europeu da FIA a apoiar o futuro da mobilidade na Europa e os Clubes a continuarem a implementar o programa Mobilidade Segura para Todos e para a Vida em toda a Regi\u00e3o.<\/p>\n\n\n\n<p>As autoridades desportivas nacionais tamb\u00e9m se reunir\u00e3o em Montenegro para continuar a desenvolver e aprimorar o automobilismo para os f\u00e3s, bem como para defender uma maior seguran\u00e7a dos pilotos nas pistas.<\/p>\n\n\n\n<p>Para celebrar o compromisso dos Clubes Membros em aprimorar os servi\u00e7os de mobilidade em seus pa\u00edses e em toda a Regi\u00e3o I, os tr\u00eas Campe\u00f5es Regionais do Desafio de Inova\u00e7\u00e3o da FIA 2026 tamb\u00e9m ser\u00e3o anunciados durante a semana.<\/p>\n\n\n\n<p><strong>O presidente da FIA,&nbsp;<\/strong><strong>Sua Excel\u00eancia&nbsp;<\/strong><strong>Mohammed Ben&nbsp;<\/strong>&nbsp;<strong>Sulayem,&nbsp;<\/strong><strong>disse:&nbsp;<\/strong><em>&#8220;Estou muito satisfeito por me juntar aos nossos membros e parceiros em Budva para este importante encontro regional e espero interagir com colegas de toda a Europa, \u00c1frica e Oriente M\u00e9dio sobre os principais desafios e oportunidades que moldam a mobilidade e o automobilismo atualmente.&#8221;<\/em><\/p>\n\n\n\n<p><em>\u201cMontenegro oferece um contexto adequado para essas discuss\u00f5es, enquanto consideramos como fortalecer os sistemas de transporte, melhorar a seguran\u00e7a rodovi\u00e1ria e apoiar solu\u00e7\u00f5es sustent\u00e1veis \u200b\u200bque proporcionem uma mobilidade mais segura, sustent\u00e1vel e acess\u00edvel para todos os usu\u00e1rios das vias.<\/em><\/p>\n\n\n\n<p><em>\u201cEste encontro \u00e9 uma oportunidade importante para aprofundar a colabora\u00e7\u00e3o, compartilhar conhecimentos especializados em mobilidade e automobilismo e avan\u00e7ar em nossas prioridades comuns.\u201d<\/em><\/p>\n\n\n\n<p><strong><\/strong>&nbsp;<strong>O presidente da Regi\u00e3o I&nbsp;<\/strong>&nbsp;<strong>da FIA&nbsp;<\/strong><strong>,&nbsp;<\/strong>&nbsp;<strong>Jorge F. Delgado,&nbsp;<\/strong>&nbsp;<strong>afirmou:&nbsp;<\/strong>&nbsp;<em>\u201c&nbsp;<\/em><em>Nesta Reuni\u00e3o de Primavera, mais de 100 membros da Regi\u00e3o I da FIA, da Europa, Oriente M\u00e9dio e \u00c1frica, se re\u00fanem para alinhar prioridades e desenvolver estrat\u00e9gias que garantam o direito dos 750 milh\u00f5es de usu\u00e1rios em nossa regi\u00e3o a uma mobilidade segura, sustent\u00e1vel e acess\u00edvel.\u201d<\/em><\/p>\n\n\n\n<p><strong>O presidente da AMSCG, Zoran Bakrac, disse:&nbsp;<\/strong><em>\u201c\u00c9 uma honra receber nossos colegas da Europa, Oriente M\u00e9dio e \u00c1frica em Montenegro e compartilhar com eles nosso pa\u00eds incr\u00edvel e nossa paix\u00e3o por autom\u00f3veis.<\/em><\/p>\n\n\n\n<p><em>\u201cA realiza\u00e7\u00e3o de um evento desta magnitude, que re\u00fane clubes membros de tr\u00eas regi\u00f5es diferentes, destaca o papel crescente do nosso pa\u00eds no cen\u00e1rio internacional.\u201d<\/em><\/p>\n\n\n\n<p>Em Montenegro, a mobilidade est\u00e1 em constante desenvolvimento, com investimentos cont\u00ednuos em infraestrutura rodovi\u00e1ria, incluindo a inaugura\u00e7\u00e3o da autoestrada Bar-Boljare em 2022, que contribuem para fortalecer a conectividade e apoiar o crescimento econ\u00f4mico. As recentes reformas na seguran\u00e7a rodovi\u00e1ria e o Plano de A\u00e7\u00e3o para o Transporte Sustent\u00e1vel impulsionam o progresso rumo a uma mobilidade mais segura e sustent\u00e1vel. No automobilismo, o vibrante cen\u00e1rio amador do pa\u00eds \u00e9 liderado por ralis e provas de subida de montanha, com competi\u00e7\u00f5es como o Montenegro Trophy atraindo crescente participa\u00e7\u00e3o regional e evidenciando o potencial para desenvolvimento futuro.<\/p>\n\n\n\n<p>A estrutura de Clubes Membros da FIA constitui a espinha dorsal da governan\u00e7a e das opera\u00e7\u00f5es da federa\u00e7\u00e3o, com cada Clube Membro pleno detendo o direito a voto nas elei\u00e7\u00f5es e decis\u00f5es regulat\u00f3rias da FIA. Os clubes s\u00e3o agrupados em duas categorias principais, sendo que alguns desempenham ambas as fun\u00e7\u00f5es:<\/p>\n\n\n\n<ul class=\"wp-block-list\">\n<li>Clubes de Mobilidade \u2013 prestam servi\u00e7os de mobilidade e representam os interesses dos usu\u00e1rios das vias, com foco em seguran\u00e7a vi\u00e1ria, viagens e turismo, direitos do consumidor e mobilidade sustent\u00e1vel.<\/li>\n\n\n\n<li>Autoridades Desportivas Nacionais (ADNs) \u2013 governam e desenvolvem o desporto motorizado a n\u00edvel nacional, sendo respons\u00e1veis \u200b\u200bpelos eventos desportivos, emiss\u00e3o de licen\u00e7as e intera\u00e7\u00e3o com todos os regulamentos.<\/li>\n<\/ul>\n\n\n\n<p>Dentro da FIA, existem quatro Regi\u00f5es de Mobilidade e seis zonas desportivas. O Encontro de Primavera da Regi\u00e3o I receber\u00e1 Clubes Membros da Europa, \u00c1frica e M\u00e9dio Oriente. A FIA a n\u00edvel mundial conta com 245 clubes em 149 pa\u00edses, ligando mais de 80 milh\u00f5es de membros.<\/p>\n\n\n\n<p><strong>-FIM-<\/strong><\/p>\n\n\n\n<p><strong>Refer\u00eancias<\/strong><\/p>\n\n\n\n<p>Para informa\u00e7\u00f5es \u00e0 imprensa, entre em contato com:<\/p>\n\n\n\n<ul class=\"wp-block-list\">\n<li>George Mitchell, Oficial de Comunica\u00e7\u00f5es de Mobilidade:\u00a0gmitchell@fia.com<\/li>\n\n\n\n<li>Laure Mercier Roussel, Diretora de Comunica\u00e7\u00e3o de Mobilidade:\u00a0lmercier@fia.com<\/li>\n<\/ul>\n\n\n\n<p><strong>Sobre a F\u00e9d\u00e9ration Internationale de l&#8217;Automobile<\/strong>&nbsp;<\/p>\n\n\n\n<p>A F\u00e9d\u00e9ration Internationale de l&#8217;Automobile (FIA) \u00e9 o \u00f3rg\u00e3o regulador do automobilismo mundial e a federa\u00e7\u00e3o global de organiza\u00e7\u00f5es de mobilidade. \u00c9 uma organiza\u00e7\u00e3o sem fins lucrativos comprometida com a promo\u00e7\u00e3o da inova\u00e7\u00e3o e a defesa da seguran\u00e7a, sustentabilidade e igualdade no automobilismo e na mobilidade.\u202f<\/p>\n\n\n\n<p>Fundada em 1904, com escrit\u00f3rios em Paris, Londres e Genebra, a FIA re\u00fane 245 organiza\u00e7\u00f5es membros em cinco continentes, representando milh\u00f5es de usu\u00e1rios de vias p\u00fablicas, profissionais do automobilismo e volunt\u00e1rios. Ela desenvolve e aplica regulamentos para o automobilismo, incluindo seis Campeonatos Mundiais da FIA, para garantir que as competi\u00e7\u00f5es em todo o mundo sejam seguras e justas para todos.<\/p>\n","protected":false},"excerpt":{"rendered":"<p>A Federa\u00e7\u00e3o Internacional do Autom\u00f3vel (FIA), \u00f3rg\u00e3o regulador global do automobilismo e federa\u00e7\u00e3o das organiza\u00e7\u00f5es de mobilidade em todo o mundo, ser\u00e1 recebida pela Associa\u00e7\u00e3o Automobil\u00edstica de Montenegro (AMSCG) em&hellip;<\/p>\n","protected":false},"author":4,"featured_media":5055,"comment_status":"closed","ping_status":"open","sticky":false,"template":"","format":"standard","meta":{"content-type":"","_lmt_disableupdate":"","_lmt_disable":"","footnotes":"","jetpack_publicize_message":"","jetpack_publicize_feature_enabled":true,"jetpack_social_post_already_shared":true,"jetpack_social_options":{"image_generator_settings":{"template":"highway","default_image_id":0,"font":"","enabled":false},"version":2}},"categories":[39],"tags":[60],"class_list":["post-5054","post","type-post","status-publish","format-standard","has-post-thumbnail","hentry","category-fia","tag-fia"],"jetpack_publicize_connections":[],"_links":{"self":[{"href":"https:\/\/aovolante.tv.br\/index.php?rest_route=\/wp\/v2\/posts\/5054","targetHints":{"allow":["GET"]}}],"collection":[{"href":"https:\/\/aovolante.tv.br\/index.php?rest_route=\/wp\/v2\/posts"}],"about":[{"href":"https:\/\/aovolante.tv.br\/index.php?rest_route=\/wp\/v2\/types\/post"}],"author":[{"embeddable":true,"href":"https:\/\/aovolante.tv.br\/index.php?rest_route=\/wp\/v2\/users\/4"}],"replies":[{"embeddable":true,"href":"https:\/\/aovolante.tv.br\/index.php?rest_route=%2Fwp%2Fv2%2Fcomments&post=5054"}],"version-history":[{"count":1,"href":"https:\/\/aovolante.tv.br\/index.php?rest_route=\/wp\/v2\/posts\/5054\/revisions"}],"predecessor-version":[{"id":5056,"href":"https:\/\/aovolante.tv.br\/index.php?rest_route=\/wp\/v2\/posts\/5054\/revisions\/5056"}],"wp:featuredmedia":[{"embeddable":true,"href":"https:\/\/aovolante.tv.br\/index.php?rest_route=\/wp\/v2\/media\/5055"}],"wp:attachment":[{"href":"https:\/\/aovolante.tv.br\/index.php?rest_route=%2Fwp%2Fv2%2Fmedia&parent=5054"}],"wp:term":[{"taxonomy":"category","embeddable":true,"href":"https:\/\/aovolante.tv.br\/index.php?rest_route=%2Fwp%2Fv2%2Fcategories&post=5054"},{"taxonomy":"post_tag","embeddable":true,"href":"https:\/\/aovolante.tv.br\/index.php?rest_route=%2Fwp%2Fv2%2Ftags&post=5054"}],"curies":[{"name":"wp","href":"https:\/\/api.w.org\/{rel}","templated":true}]}}