{"id":5037,"date":"2026-04-28T01:13:23","date_gmt":"2026-04-28T04:13:23","guid":{"rendered":"https:\/\/aovolante.tv.br\/?p=5037"},"modified":"2026-04-28T01:13:25","modified_gmt":"2026-04-28T04:13:25","slug":"juncos-hollinger-dreyer-e-reinbold-anunciam-participacao-conjunta-e-parceria-tecnica-para-a-veekay-nas-500-milhas-de-indianapolis","status":"publish","type":"post","link":"https:\/\/aovolante.tv.br\/?p=5037","title":{"rendered":"Juncos Hollinger, Dreyer e Reinbold anunciam participa\u00e7\u00e3o conjunta e parceria t\u00e9cnica para a VeeKay nas 500 Milhas de Indian\u00e1polis"},"content":{"rendered":"<div class=\"wp-block-image\">\n<figure class=\"aligncenter size-full\"><img fetchpriority=\"high\" decoding=\"async\" width=\"1000\" height=\"667\" src=\"https:\/\/aovolante.tv.br\/wp-content\/uploads\/2026\/04\/image-217.png\" alt=\"\" class=\"wp-image-5038\" srcset=\"https:\/\/aovolante.tv.br\/wp-content\/uploads\/2026\/04\/image-217.png 1000w, https:\/\/aovolante.tv.br\/wp-content\/uploads\/2026\/04\/image-217-768x512.png 768w, https:\/\/aovolante.tv.br\/wp-content\/uploads\/2026\/04\/image-217-1920x1280.png 1920w, https:\/\/aovolante.tv.br\/wp-content\/uploads\/2026\/04\/image-217-585x390.png 585w, https:\/\/aovolante.tv.br\/wp-content\/uploads\/2026\/04\/image-217-263x175.png 263w\" sizes=\"(max-width: 1000px) 100vw, 1000px\" \/><\/figure>\n<\/div>\n\n\n<p><\/p>\n\n\n\n<p>Juncos Hollinger e Dreyer &amp; Reinbold se unir\u00e3o como co-inscritos e aliados t\u00e9cnicos do Chevrolet n\u00ba 76 de Rinus VeeKay nas 500 Milhas de Indian\u00e1polis. O carro ter\u00e1 o patroc\u00ednio principal da Wedbush, que apoiou a inscri\u00e7\u00e3o da DRR para Ryan Hunter-Reay no ano passado.<\/p>\n\n\n\n<p>\u201cEstamos muito animados em anunciar nossa participa\u00e7\u00e3o conjunta com a JHR, que inclui nossa parceira de longa data, a Wedbush, como principal patrocinadora do carro n\u00famero 76\u201d, disse Dennis Reinbold, propriet\u00e1rio da equipe DRR.<\/p>\n\n\n\n<p>\u201cAs 500 Milhas de Indian\u00e1polis s\u00e3o o maior palco do ano, reunindo p\u00fablico, aten\u00e7\u00e3o e atmosfera de uma forma que s\u00f3 este evento consegue\u201d, disse Dave O&#8217;Neill, diretor da equipe JHR. \u201cPara a Wedbush, \u00e9 uma oportunidade de fazer parte deste evento \u00fanico e, ao mesmo tempo, alcan\u00e7ar um grande p\u00fablico atrav\u00e9s de uma das plataformas mais vis\u00edveis do esporte. Estamos focados em obter um resultado expressivo e ansiosos para contar com a Wedbush nesta campanha.\u201d<\/p>\n\n\n\n<p>VeeKay chega \u00e0 sua s\u00e9tima Indy 500 buscando aumentar seu n\u00famero de largadas na primeira fila, que j\u00e1 soma tr\u00eas, e melhorar seu melhor resultado na carreira, um oitavo lugar conquistado com a Ed Carpenter Racing em 2021.<\/p>\n\n\n\n<p>Segundo a revista Racer, o melhor resultado da Dreyer &amp; Reinbold nas 500 Milhas de Indian\u00e1polis foi um quarto lugar com Oriol Servia em 2012 \u2013 um resultado conquistado na primeira corrida ap\u00f3s a equipe trocar os motores Lotus pelos Chevrolet, em uma temporada que acabou sendo a \u00faltima como competidora em tempo integral. Desde ent\u00e3o, a equipe tem se concentrado principalmente nas 500 Milhas de Indian\u00e1polis, conquistando dois top 10 com Sage Karam (2014 e 2021) e outros dois com Santino Ferrucci (2022) e Conor Daly (2024).<\/p>\n\n\n\n<p>Al\u00e9m da participa\u00e7\u00e3o conjunta com a JHR, a DRR tamb\u00e9m ter\u00e1 dois carros pr\u00f3prios em Indian\u00e1polis este ano, um para Daly e outro para Jack Harvey.<\/p>\n","protected":false},"excerpt":{"rendered":"<p>Juncos Hollinger e Dreyer &amp; Reinbold se unir\u00e3o como co-inscritos e aliados t\u00e9cnicos do Chevrolet n\u00ba 76 de Rinus VeeKay nas 500 Milhas de Indian\u00e1polis. O carro ter\u00e1 o patroc\u00ednio&hellip;<\/p>\n","protected":false},"author":2,"featured_media":5038,"comment_status":"closed","ping_status":"open","sticky":false,"template":"","format":"standard","meta":{"content-type":"","_lmt_disableupdate":"","_lmt_disable":"","footnotes":"","jetpack_publicize_message":"","jetpack_publicize_feature_enabled":true,"jetpack_social_post_already_shared":true,"jetpack_social_options":{"image_generator_settings":{"template":"highway","default_image_id":0,"font":"","enabled":false},"version":2}},"categories":[28,26],"tags":[54],"class_list":["post-5037","post","type-post","status-publish","format-standard","has-post-thumbnail","hentry","category-indy","category-nas-pistas","tag-indycar-2"],"jetpack_publicize_connections":[],"_links":{"self":[{"href":"https:\/\/aovolante.tv.br\/index.php?rest_route=\/wp\/v2\/posts\/5037","targetHints":{"allow":["GET"]}}],"collection":[{"href":"https:\/\/aovolante.tv.br\/index.php?rest_route=\/wp\/v2\/posts"}],"about":[{"href":"https:\/\/aovolante.tv.br\/index.php?rest_route=\/wp\/v2\/types\/post"}],"author":[{"embeddable":true,"href":"https:\/\/aovolante.tv.br\/index.php?rest_route=\/wp\/v2\/users\/2"}],"replies":[{"embeddable":true,"href":"https:\/\/aovolante.tv.br\/index.php?rest_route=%2Fwp%2Fv2%2Fcomments&post=5037"}],"version-history":[{"count":1,"href":"https:\/\/aovolante.tv.br\/index.php?rest_route=\/wp\/v2\/posts\/5037\/revisions"}],"predecessor-version":[{"id":5039,"href":"https:\/\/aovolante.tv.br\/index.php?rest_route=\/wp\/v2\/posts\/5037\/revisions\/5039"}],"wp:featuredmedia":[{"embeddable":true,"href":"https:\/\/aovolante.tv.br\/index.php?rest_route=\/wp\/v2\/media\/5038"}],"wp:attachment":[{"href":"https:\/\/aovolante.tv.br\/index.php?rest_route=%2Fwp%2Fv2%2Fmedia&parent=5037"}],"wp:term":[{"taxonomy":"category","embeddable":true,"href":"https:\/\/aovolante.tv.br\/index.php?rest_route=%2Fwp%2Fv2%2Fcategories&post=5037"},{"taxonomy":"post_tag","embeddable":true,"href":"https:\/\/aovolante.tv.br\/index.php?rest_route=%2Fwp%2Fv2%2Ftags&post=5037"}],"curies":[{"name":"wp","href":"https:\/\/api.w.org\/{rel}","templated":true}]}}