{"id":3995,"date":"2026-03-16T23:55:24","date_gmt":"2026-03-17T02:55:24","guid":{"rendered":"https:\/\/aovolante.tv.br\/?p=3995"},"modified":"2026-03-16T23:57:30","modified_gmt":"2026-03-17T02:57:30","slug":"voisin-e-slater-vao-pilotar-para-a-andretti-no-teste-de-novatos-em-madri","status":"publish","type":"post","link":"https:\/\/aovolante.tv.br\/?p=3995","title":{"rendered":"Voisin e Slater v\u00e3o pilotar para a Andretti no teste de novatos em Madri"},"content":{"rendered":"<div class=\"wp-block-image\">\n<figure class=\"aligncenter size-full\"><img fetchpriority=\"high\" decoding=\"async\" width=\"740\" height=\"416\" src=\"https:\/\/aovolante.tv.br\/wp-content\/uploads\/2026\/03\/image-145.png\" alt=\"\" class=\"wp-image-3996\" srcset=\"https:\/\/aovolante.tv.br\/wp-content\/uploads\/2026\/03\/image-145.png 740w, https:\/\/aovolante.tv.br\/wp-content\/uploads\/2026\/03\/image-145-768x431.png 768w, https:\/\/aovolante.tv.br\/wp-content\/uploads\/2026\/03\/image-145-1920x1079.png 1920w, https:\/\/aovolante.tv.br\/wp-content\/uploads\/2026\/03\/image-145-585x329.png 585w\" sizes=\"(max-width: 740px) 100vw, 740px\" \/><\/figure>\n<\/div>\n\n\n<p><\/p>\n\n\n\n<p id=\"viewer-dwb4y4287\">Em 2026, Callum Voisin competiu na categoria LMP3 das 24 Horas de Le Mans da \u00c1sia. Ele conquistou um p\u00f3dio e uma pole position, terminando o ano em oitavo lugar na classifica\u00e7\u00e3o geral. O brit\u00e2nico tamb\u00e9m competir\u00e1 na Porsche Carrera Cup GB, ap\u00f3s ter sido selecionado como piloto j\u00fanior da Porsche para 2026.<\/p>\n\n\n\n<p id=\"viewer-jax2n11345\">Voisin testou pela primeira vez um carro de F\u00f3rmula E em 2025, juntando-se \u00e0 Cupra Kiro para o Teste de Novatos em Berlim. Ele terminou em quarto lugar no teste e pilotou ao lado de <u>Bianca Bustamante<\/u> .<\/p>\n\n\n\n<p id=\"viewer-2bng22847\">Ap\u00f3s a not\u00edcia, Voisin disse:<\/p>\n\n\n\n<p id=\"viewer-t66q03794\">\u201cEstou muito animado por participar do teste de novatos da Andretti Formula E deste ano. Ser\u00e1 minha primeira vez pilotando com a Andretti e no Circuito de Jarama, em Madri, ent\u00e3o estou ansioso pela oportunidade. Tive um resultado positivo no teste de novatos do ano passado, em Berlim, ent\u00e3o mal posso esperar para dar continuidade a essa experi\u00eancia divertida e diferente do que estou acostumado. Sou muito grato \u00e0 Andretti pela oportunidade e mal posso esperar para come\u00e7ar.\u201d<\/p>\n\n\n\n<p id=\"viewer-oy31015210\">Freddie Slater \u00e9 o atual campe\u00e3o europeu de F\u00f3rmula Regional e compete na F\u00f3rmula Tr\u00eas, onde ocupa a terceira posi\u00e7\u00e3o na classifica\u00e7\u00e3o geral com 18 pontos ap\u00f3s duas etapas. Ele tamb\u00e9m possui um p\u00f3dio. Em 2026, Slater tamb\u00e9m participou do Trof\u00e9u Oceania de F\u00f3rmula Regional, onde terminou em segundo lugar na classifica\u00e7\u00e3o geral com tr\u00eas vit\u00f3rias e mais tr\u00eas p\u00f3dios.<\/p>\n\n\n\n<p id=\"viewer-wc0vb12312\">O teste de novatos em Madri ser\u00e1 a estreia de Slater em um carro da F\u00f3rmula E.<\/p>\n\n\n\n<p id=\"viewer-54kvf14522\">Em um comunicado, Slater disse:<\/p>\n\n\n\n<p id=\"viewer-1ga1t15388\">\u201cObviamente, estou muito animado para ter meu primeiro contato com um carro da F\u00f3rmula E. \u00c9 algo que venho aguardando h\u00e1 algum tempo, sempre quis ter a oportunidade de pilotar um carro de corrida totalmente el\u00e9trico. O nome Andretti \u00e9 incrivelmente ic\u00f4nico no automobilismo, ent\u00e3o ter a oportunidade de trabalhar com uma organiza\u00e7\u00e3o t\u00e3o hist\u00f3rica e vitoriosa significa muito. Mal posso esperar para come\u00e7ar.\u201d&nbsp;<\/p>\n\n\n\n<h3 class=\"wp-block-heading\" id=\"viewer-viewer-91lay26739\">Teste de Novatos em Madri &#8211; Escala\u00e7\u00f5es de Pilotos<\/h3>\n\n\n\n<p id=\"viewer-viewer-viewer-viewer-viewer-viewer-viewer-n4uam25258\">Porsche &#8211; Elia Weiss, Ayhancan G\u00fcven<\/p>\n\n\n\n<p id=\"viewer-viewer-viewer-viewer-viewer-viewer-viewer-vty3226162\">Cupra Kiro &#8211; Bianca Bustamante, Cian Shields<\/p>\n\n\n\n<p id=\"viewer-viewer-viewer-viewer-viewer-viewer-viewer-4w9u926845\">Envision Racing &#8211; Zak O&#8217;Sullivan, Ella Lloyd<\/p>\n\n\n\n<p id=\"viewer-viewer-viewer-viewer-viewer-viewer-viewer-vr13532790\">Lola Yamaha ABT &#8211; Hugh Barter, Richard Verschoor<\/p>\n\n\n\n<p id=\"viewer-viewer-viewer-viewer-viewer-viewer-viewer-l0kcs27927\">Jaguar &#8211; Juju Noda, Bryce Aron<\/p>\n\n\n\n<p id=\"viewer-viewer-viewer-viewer-viewer-viewer-ub0ad13363\">DS Penske &#8211; Daniil Kvyat, Nikita Bedrin<\/p>\n\n\n\n<p id=\"viewer-viewer-viewer-viewer-viewer-avxel10916\">Mahindra Racing &#8211; Kush Maini, Th\u00e9ophile Na\u00ebl<\/p>\n\n\n\n<p id=\"viewer-viewer-viewer-viewer-0zt4418511\">Citro\u00ebn Racing &#8211; Joshua D\u00fcrksen, Th\u00e9o Pourchaire<\/p>\n\n\n\n<p id=\"viewer-viewer-1zehp27724\">Nissan &#8211; Victor Martins, Abbi Pulling<\/p>\n\n\n\n<p id=\"viewer-znp3p1430\"><strong>Andretti &#8211; Callum Voisin,<\/strong><strong> Freddie Slater<\/strong><\/p>\n","protected":false},"excerpt":{"rendered":"<p>Em 2026, Callum Voisin competiu na categoria LMP3 das 24 Horas de Le Mans da \u00c1sia. Ele conquistou um p\u00f3dio e uma pole position, terminando o ano em oitavo lugar&hellip;<\/p>\n","protected":false},"author":28,"featured_media":3996,"comment_status":"closed","ping_status":"open","sticky":false,"template":"","format":"standard","meta":{"content-type":"","_lmt_disableupdate":"","_lmt_disable":"","footnotes":"","jetpack_publicize_message":"","jetpack_publicize_feature_enabled":true,"jetpack_social_post_already_shared":true,"jetpack_social_options":{"image_generator_settings":{"template":"highway","default_image_id":0,"font":"","enabled":false},"version":2}},"categories":[29,26],"tags":[50],"class_list":["post-3995","post","type-post","status-publish","format-standard","has-post-thumbnail","hentry","category-f-e","category-nas-pistas","tag-formula-e"],"jetpack_publicize_connections":[],"_links":{"self":[{"href":"https:\/\/aovolante.tv.br\/index.php?rest_route=\/wp\/v2\/posts\/3995","targetHints":{"allow":["GET"]}}],"collection":[{"href":"https:\/\/aovolante.tv.br\/index.php?rest_route=\/wp\/v2\/posts"}],"about":[{"href":"https:\/\/aovolante.tv.br\/index.php?rest_route=\/wp\/v2\/types\/post"}],"author":[{"embeddable":true,"href":"https:\/\/aovolante.tv.br\/index.php?rest_route=\/wp\/v2\/users\/28"}],"replies":[{"embeddable":true,"href":"https:\/\/aovolante.tv.br\/index.php?rest_route=%2Fwp%2Fv2%2Fcomments&post=3995"}],"version-history":[{"count":2,"href":"https:\/\/aovolante.tv.br\/index.php?rest_route=\/wp\/v2\/posts\/3995\/revisions"}],"predecessor-version":[{"id":3999,"href":"https:\/\/aovolante.tv.br\/index.php?rest_route=\/wp\/v2\/posts\/3995\/revisions\/3999"}],"wp:featuredmedia":[{"embeddable":true,"href":"https:\/\/aovolante.tv.br\/index.php?rest_route=\/wp\/v2\/media\/3996"}],"wp:attachment":[{"href":"https:\/\/aovolante.tv.br\/index.php?rest_route=%2Fwp%2Fv2%2Fmedia&parent=3995"}],"wp:term":[{"taxonomy":"category","embeddable":true,"href":"https:\/\/aovolante.tv.br\/index.php?rest_route=%2Fwp%2Fv2%2Fcategories&post=3995"},{"taxonomy":"post_tag","embeddable":true,"href":"https:\/\/aovolante.tv.br\/index.php?rest_route=%2Fwp%2Fv2%2Ftags&post=3995"}],"curies":[{"name":"wp","href":"https:\/\/api.w.org\/{rel}","templated":true}]}}